{"id":8128,"date":"2025-09-01T16:14:00","date_gmt":"2025-09-01T19:14:00","guid":{"rendered":"https:\/\/emisoracolon.com.ar\/?p=8128"},"modified":"2025-09-01T16:14:00","modified_gmt":"2025-09-01T19:14:00","slug":"llego-santa-rosa-y-se-hizo-sentir-en-colon","status":"publish","type":"post","link":"https:\/\/emisoracolon.com.ar\/index.php\/2025\/09\/01\/llego-santa-rosa-y-se-hizo-sentir-en-colon\/","title":{"rendered":"Lleg\u00f3 Santa Rosa y se hizo sentir en Col\u00f3n"},"content":{"rendered":"\n<p>La tradicional tormenta de Santa Rosa se hizo sentir con fuerza este fin de semana en la provincia de Buenos Aires y tambi\u00e9n en nuestra ciudad. Entre el s\u00e1bado 30 y el domingo 31 de agosto se registraron intensas lluvias y vientos que dejaron m\u00faltiples consecuencias.<\/p>\n\n\n\n<p>En Col\u00f3n, el agua ca\u00edda alcanz\u00f3 los 100,5 mil\u00edmetros en la planta urbana. El temporal provoc\u00f3 ca\u00edda de \u00e1rboles en calles 36 y 25, 42 y 3, y en la ruta 8. En el ex Zool\u00f3gico, un pino derribado rompi\u00f3 el tapial de la vivienda de ese lugar, mientras que en 41 y 12 tambi\u00e9n se registr\u00f3 otro ejemplar ca\u00eddo.<\/p>\n\n\n\n<p>La tormenta afect\u00f3 adem\u00e1s el tendido el\u00e9ctrico y telef\u00f3nico: un poste de Telef\u00f3nica se desplom\u00f3 en 50 y 25, y otro en Sarasa, lo que ocasion\u00f3 cortes de luz en el pueblo, tambi\u00e9n en Pearson y en el \u00e1rea comprendida de calles 56 a 58 y de 9 a 26.<\/p>\n\n\n\n<p>En la zona de humedales, una vivienda de calles 127 y 60 result\u00f3 anegada; pese a la situaci\u00f3n, la mujer que reside all\u00ed decidi\u00f3 permanecer junto a sus hijos. Tambi\u00e9n se registraron calles anegadas en el barrio Las Lilas y en sectores de 127 entre 40 y 42, y 133 entre 42 y 44.<\/p>\n\n\n\n<p>Seg\u00fan Defensa Civil, esas fueron las consecuencias m\u00e1s relevantes hasta el momento.<\/p>\n\n\n\n<p>El Servicio Meteorol\u00f3gico Nacional (SMN) hab\u00eda emitido alertas de distinto nivel que abarcaban gran parte del territorio bonaerense. En el norte de la provincia reg\u00eda una alerta naranja por tormentas fuertes, con la posibilidad de superar los 100 mil\u00edmetros de lluvia en pocas horas, r\u00e1fagas superiores a 70 km\/h y ca\u00edda de granizo. Afortunadamente, en Col\u00f3n no se registraron granizadas.<\/p>\n","protected":false},"excerpt":{"rendered":"<p>La tradicional tormenta de Santa Rosa se hizo sentir con fuerza este fin de semana en la provincia de Buenos Aires y tambi\u00e9n en nuestra ciudad. Entre el s\u00e1bado 30 y el&#8230;<\/p>\n","protected":false},"author":1,"featured_media":8129,"comment_status":"open","ping_status":"open","sticky":false,"template":"","format":"standard","meta":{"footnotes":""},"categories":[3],"tags":[],"class_list":["post-8128","post","type-post","status-publish","format-standard","has-post-thumbnail","hentry","category-general"],"_links":{"self":[{"href":"https:\/\/emisoracolon.com.ar\/index.php\/wp-json\/wp\/v2\/posts\/8128","targetHints":{"allow":["GET"]}}],"collection":[{"href":"https:\/\/emisoracolon.com.ar\/index.php\/wp-json\/wp\/v2\/posts"}],"about":[{"href":"https:\/\/emisoracolon.com.ar\/index.php\/wp-json\/wp\/v2\/types\/post"}],"author":[{"embeddable":true,"href":"https:\/\/emisoracolon.com.ar\/index.php\/wp-json\/wp\/v2\/users\/1"}],"replies":[{"embeddable":true,"href":"https:\/\/emisoracolon.com.ar\/index.php\/wp-json\/wp\/v2\/comments?post=8128"}],"version-history":[{"count":1,"href":"https:\/\/emisoracolon.com.ar\/index.php\/wp-json\/wp\/v2\/posts\/8128\/revisions"}],"predecessor-version":[{"id":8130,"href":"https:\/\/emisoracolon.com.ar\/index.php\/wp-json\/wp\/v2\/posts\/8128\/revisions\/8130"}],"wp:featuredmedia":[{"embeddable":true,"href":"https:\/\/emisoracolon.com.ar\/index.php\/wp-json\/wp\/v2\/media\/8129"}],"wp:attachment":[{"href":"https:\/\/emisoracolon.com.ar\/index.php\/wp-json\/wp\/v2\/media?parent=8128"}],"wp:term":[{"taxonomy":"category","embeddable":true,"href":"https:\/\/emisoracolon.com.ar\/index.php\/wp-json\/wp\/v2\/categories?post=8128"},{"taxonomy":"post_tag","embeddable":true,"href":"https:\/\/emisoracolon.com.ar\/index.php\/wp-json\/wp\/v2\/tags?post=8128"}],"curies":[{"name":"wp","href":"https:\/\/api.w.org\/{rel}","templated":true}]}}