{"id":8096,"date":"2025-08-27T16:56:16","date_gmt":"2025-08-27T19:56:16","guid":{"rendered":"https:\/\/emisoracolon.com.ar\/?p=8096"},"modified":"2025-08-27T16:56:16","modified_gmt":"2025-08-27T19:56:16","slug":"colon-quiere-ser-capital-del-abrazo-milonguero","status":"publish","type":"post","link":"https:\/\/emisoracolon.com.ar\/index.php\/2025\/08\/27\/colon-quiere-ser-capital-del-abrazo-milonguero\/","title":{"rendered":"Col\u00f3n quiere ser Capital del Abrazo Milonguero"},"content":{"rendered":"\n<p>Un grupo de milongueros de la ciudad present\u00f3 una iniciativa para que Col\u00f3n sea declarada Capital del Abrazo Milonguero, en reconocimiento a la tradici\u00f3n tanguera que se desarrolla en la comunidad. El expediente ya fue analizado en el Concejo Deliberante, que prometi\u00f3 tomar una resoluci\u00f3n tras su estudio.<\/p>\n\n\n\n<p>Los impulsores de la propuesta destacan que el tango \u2014declarado en 2009 Patrimonio Cultural Inmaterial de la Humanidad por la UNESCO\u2014 ha encontrado en Col\u00f3n un espacio donde florecer. Dentro de sus m\u00faltiples formas de interpretaci\u00f3n, el abrazo milonguero se distingue por la conexi\u00f3n f\u00edsica y emocional que genera entre los bailarines, en una posici\u00f3n cercana y estrecha durante el baile.<\/p>\n\n\n\n<p>Una tradici\u00f3n con historia en Col\u00f3n<\/p>\n\n\n\n<p>Desde hace varios a\u00f1os, la ciudad ha sido sede de eventos, festivales y encuentros de tango que han promovido tanto la m\u00fasica como la danza, atrayendo a bailarines, m\u00fasicos y aficionados de toda la regi\u00f3n. En ese camino, la Glorieta del Tango, ubicada en la Plaza San Mart\u00edn, se consolid\u00f3 como un punto de encuentro para locales y visitantes, donde se organizan milongas abiertas al p\u00fablico.<\/p>\n\n\n\n<p>Este espacio, rodeado de verde y en el coraz\u00f3n de la ciudad, se ha convertido en un s\u00edmbolo de la tradici\u00f3n tanguera colonense. All\u00ed, turistas y vecinos disfrutan de la magia del tango en un ambiente al aire libre, enriqueciendo la vida cultural de la comunidad.<\/p>\n\n\n\n<p>Impacto cultural y tur\u00edstico<\/p>\n\n\n\n<p>Los proponentes sostienen que declarar a Col\u00f3n como Capital del Abrazo Milonguero reforzar\u00e1 el atractivo tur\u00edstico de la ciudad, incrementando el flujo de visitantes interesados en la historia y la tradici\u00f3n del tango. Tambi\u00e9n remarcan que este reconocimiento podr\u00eda generar nuevas oportunidades de desarrollo econ\u00f3mico y potenciar la organizaci\u00f3n de eventos internacionales, consolidando a Col\u00f3n como destino cultural de relevancia.<\/p>\n\n\n\n<p>Un legado a preservar<\/p>\n\n\n\n<p>Finalmente, los milongueros subrayan que esta distinci\u00f3n no solo beneficiar\u00eda al presente de la ciudad, sino que contribuir\u00eda a la preservaci\u00f3n y difusi\u00f3n del tango y del abrazo milonguero como patrimonio cultural.<\/p>\n\n\n\n<p>\u201cCreemos firmemente que esta declaraci\u00f3n no solo revalidar\u00e1 nuestra identidad cultural, sino que tambi\u00e9n consolidar\u00e1 a Col\u00f3n como un epicentro del tango y del abrazo milonguero en Argentina, proyect\u00e1ndose hacia el resto del mundo\u201d, expresaron los impulsores de la propuesta.<\/p>\n","protected":false},"excerpt":{"rendered":"<p>Un grupo de milongueros de la ciudad present\u00f3 una iniciativa para que Col\u00f3n sea declarada Capital del Abrazo Milonguero, en reconocimiento a la tradici\u00f3n tanguera que se desarrolla en la comunidad. El&#8230;<\/p>\n","protected":false},"author":1,"featured_media":3306,"comment_status":"open","ping_status":"open","sticky":false,"template":"","format":"standard","meta":{"footnotes":""},"categories":[7,3],"tags":[],"class_list":["post-8096","post","type-post","status-publish","format-standard","has-post-thumbnail","hentry","category-cultura","category-general"],"_links":{"self":[{"href":"https:\/\/emisoracolon.com.ar\/index.php\/wp-json\/wp\/v2\/posts\/8096","targetHints":{"allow":["GET"]}}],"collection":[{"href":"https:\/\/emisoracolon.com.ar\/index.php\/wp-json\/wp\/v2\/posts"}],"about":[{"href":"https:\/\/emisoracolon.com.ar\/index.php\/wp-json\/wp\/v2\/types\/post"}],"author":[{"embeddable":true,"href":"https:\/\/emisoracolon.com.ar\/index.php\/wp-json\/wp\/v2\/users\/1"}],"replies":[{"embeddable":true,"href":"https:\/\/emisoracolon.com.ar\/index.php\/wp-json\/wp\/v2\/comments?post=8096"}],"version-history":[{"count":1,"href":"https:\/\/emisoracolon.com.ar\/index.php\/wp-json\/wp\/v2\/posts\/8096\/revisions"}],"predecessor-version":[{"id":8098,"href":"https:\/\/emisoracolon.com.ar\/index.php\/wp-json\/wp\/v2\/posts\/8096\/revisions\/8098"}],"wp:featuredmedia":[{"embeddable":true,"href":"https:\/\/emisoracolon.com.ar\/index.php\/wp-json\/wp\/v2\/media\/3306"}],"wp:attachment":[{"href":"https:\/\/emisoracolon.com.ar\/index.php\/wp-json\/wp\/v2\/media?parent=8096"}],"wp:term":[{"taxonomy":"category","embeddable":true,"href":"https:\/\/emisoracolon.com.ar\/index.php\/wp-json\/wp\/v2\/categories?post=8096"},{"taxonomy":"post_tag","embeddable":true,"href":"https:\/\/emisoracolon.com.ar\/index.php\/wp-json\/wp\/v2\/tags?post=8096"}],"curies":[{"name":"wp","href":"https:\/\/api.w.org\/{rel}","templated":true}]}}