{"id":8047,"date":"2025-08-25T17:42:32","date_gmt":"2025-08-25T20:42:32","guid":{"rendered":"https:\/\/emisoracolon.com.ar\/?p=8047"},"modified":"2025-08-25T17:42:32","modified_gmt":"2025-08-25T20:42:32","slug":"en-el-dia-del-folklore-homenajearon-a-carlos-rodriguez","status":"publish","type":"post","link":"https:\/\/emisoracolon.com.ar\/index.php\/2025\/08\/25\/en-el-dia-del-folklore-homenajearon-a-carlos-rodriguez\/","title":{"rendered":"En el D\u00eda del folklore homenajearon a Carlos Rodr\u00edguez"},"content":{"rendered":"\n<p>En ocasi\u00f3n de la conmemoraci\u00f3n del D\u00eda Internacional del Folklore en el Museo de la Ciudad se hizo un merecido homenaje al profesor Carlos Rodr\u00edguez<\/p>\n\n\n\n<p>Fue una jornada marcada por la emoci\u00f3n porque la celebraci\u00f3n en el D\u00eda Internacional del Folklore, adem\u00e1s de ser una jornada de encuentro tradici\u00f3n y memoria., fue la ocasi\u00f3n propicia para rendir un homenaje a Carlos Rodr\u00edguez, uno de los formadores m\u00e1s importantes de nuestra ciudad y la regi\u00f3n, quien nos dejara a fines de junio pasado.<\/p>\n\n\n\n<p>Sus alumnos, junto a su hermana Mirta, prepararon una muestra especial que combin\u00f3 lo est\u00e1tico y lo din\u00e1mico: fotograf\u00edas, vestuarios y cuadros de danzas que dieron vida a nuestra identidad cultural.<\/p>\n\n\n\n<p>Academias de Col\u00f3n fueron parte de este homenaje, utilizando el viejo and\u00e9n de la estaci\u00f3n de trenes demostrando una vez m\u00e1s que el folklore sigue siendo un puente de encuentro, historia y futuro para toda la comunidad.<\/p>\n","protected":false},"excerpt":{"rendered":"<p>En ocasi\u00f3n de la conmemoraci\u00f3n del D\u00eda Internacional del Folklore en el Museo de la Ciudad se hizo un merecido homenaje al profesor Carlos Rodr\u00edguez Fue una jornada marcada por la emoci\u00f3n&#8230;<\/p>\n","protected":false},"author":1,"featured_media":8049,"comment_status":"open","ping_status":"open","sticky":false,"template":"","format":"standard","meta":{"footnotes":""},"categories":[7,3],"tags":[],"class_list":["post-8047","post","type-post","status-publish","format-standard","has-post-thumbnail","hentry","category-cultura","category-general"],"_links":{"self":[{"href":"https:\/\/emisoracolon.com.ar\/index.php\/wp-json\/wp\/v2\/posts\/8047","targetHints":{"allow":["GET"]}}],"collection":[{"href":"https:\/\/emisoracolon.com.ar\/index.php\/wp-json\/wp\/v2\/posts"}],"about":[{"href":"https:\/\/emisoracolon.com.ar\/index.php\/wp-json\/wp\/v2\/types\/post"}],"author":[{"embeddable":true,"href":"https:\/\/emisoracolon.com.ar\/index.php\/wp-json\/wp\/v2\/users\/1"}],"replies":[{"embeddable":true,"href":"https:\/\/emisoracolon.com.ar\/index.php\/wp-json\/wp\/v2\/comments?post=8047"}],"version-history":[{"count":1,"href":"https:\/\/emisoracolon.com.ar\/index.php\/wp-json\/wp\/v2\/posts\/8047\/revisions"}],"predecessor-version":[{"id":8050,"href":"https:\/\/emisoracolon.com.ar\/index.php\/wp-json\/wp\/v2\/posts\/8047\/revisions\/8050"}],"wp:featuredmedia":[{"embeddable":true,"href":"https:\/\/emisoracolon.com.ar\/index.php\/wp-json\/wp\/v2\/media\/8049"}],"wp:attachment":[{"href":"https:\/\/emisoracolon.com.ar\/index.php\/wp-json\/wp\/v2\/media?parent=8047"}],"wp:term":[{"taxonomy":"category","embeddable":true,"href":"https:\/\/emisoracolon.com.ar\/index.php\/wp-json\/wp\/v2\/categories?post=8047"},{"taxonomy":"post_tag","embeddable":true,"href":"https:\/\/emisoracolon.com.ar\/index.php\/wp-json\/wp\/v2\/tags?post=8047"}],"curies":[{"name":"wp","href":"https:\/\/api.w.org\/{rel}","templated":true}]}}