{"id":7767,"date":"2025-07-31T17:36:11","date_gmt":"2025-07-31T20:36:11","guid":{"rendered":"https:\/\/emisoracolon.com.ar\/?p=7767"},"modified":"2025-07-31T17:36:11","modified_gmt":"2025-07-31T20:36:11","slug":"tres-colonenses-heridos-en-un-tragico-choque-en-ruta-33","status":"publish","type":"post","link":"https:\/\/emisoracolon.com.ar\/index.php\/2025\/07\/31\/tres-colonenses-heridos-en-un-tragico-choque-en-ruta-33\/","title":{"rendered":"Tres colonenses heridos en un tr\u00e1gico choque en Ruta 33"},"content":{"rendered":"\n<p>Tres vecinos de nuestra ciudad resultaron heridos tras protagonizar un grave siniestro vial ocurrido sobre la Ruta Nacional 33, a la altura del kil\u00f3metro 194, en cercan\u00edas de la rotonda de acceso a Guamin\u00ed. Se trata de Marcelo Mart\u00ednez \u2014quien conduc\u00eda la camioneta\u2014, Cristian \u00c1lvarez y Andr\u00e9s Giordano, todos empleados de una empresa de montaje que se dirig\u00edan a cumplir tareas laborales en el sur del pa\u00eds.<\/p>\n\n\n\n<p>Los tres viajaban a bordo de una camioneta Ford Ranger que, por causas que a\u00fan se investigan, colision\u00f3 de frente contra un autom\u00f3vil Peugeot 208 que circulaba en sentido contrario. El impacto fue de tal magnitud que los cuatro ocupantes del auto perdieron la vida en el acto: se trata de un matrimonio oriundo de Bonifacio, Estela Leiva y Oscar L\u00f3pez, y sus dos nietos de 10 y 14 a\u00f1os, de apellido Bermejo Matamoros.<\/p>\n\n\n\n<p>Los colonenses, en tanto, sufrieron lesiones de distinta consideraci\u00f3n y permanecen internados en centros de salud de la regi\u00f3n. La comunidad local permanece atenta a su evoluci\u00f3n, mientras se aguardan novedades sobre su estado.<\/p>\n\n\n\n<p>Peritos de la Polic\u00eda Cient\u00edfica trabajaron en la reconstrucci\u00f3n del hecho para determinar si hubo alguna falla mec\u00e1nica, maniobra indebida u otra circunstancia que haya desencadenado el fatal desenlace.<\/p>\n","protected":false},"excerpt":{"rendered":"<p>Tres vecinos de nuestra ciudad resultaron heridos tras protagonizar un grave siniestro vial ocurrido sobre la Ruta Nacional 33, a la altura del kil\u00f3metro 194, en cercan\u00edas de la rotonda de acceso&#8230;<\/p>\n","protected":false},"author":1,"featured_media":4971,"comment_status":"open","ping_status":"open","sticky":false,"template":"","format":"standard","meta":{"footnotes":""},"categories":[3],"tags":[],"class_list":["post-7767","post","type-post","status-publish","format-standard","has-post-thumbnail","hentry","category-general"],"_links":{"self":[{"href":"https:\/\/emisoracolon.com.ar\/index.php\/wp-json\/wp\/v2\/posts\/7767","targetHints":{"allow":["GET"]}}],"collection":[{"href":"https:\/\/emisoracolon.com.ar\/index.php\/wp-json\/wp\/v2\/posts"}],"about":[{"href":"https:\/\/emisoracolon.com.ar\/index.php\/wp-json\/wp\/v2\/types\/post"}],"author":[{"embeddable":true,"href":"https:\/\/emisoracolon.com.ar\/index.php\/wp-json\/wp\/v2\/users\/1"}],"replies":[{"embeddable":true,"href":"https:\/\/emisoracolon.com.ar\/index.php\/wp-json\/wp\/v2\/comments?post=7767"}],"version-history":[{"count":1,"href":"https:\/\/emisoracolon.com.ar\/index.php\/wp-json\/wp\/v2\/posts\/7767\/revisions"}],"predecessor-version":[{"id":7768,"href":"https:\/\/emisoracolon.com.ar\/index.php\/wp-json\/wp\/v2\/posts\/7767\/revisions\/7768"}],"wp:featuredmedia":[{"embeddable":true,"href":"https:\/\/emisoracolon.com.ar\/index.php\/wp-json\/wp\/v2\/media\/4971"}],"wp:attachment":[{"href":"https:\/\/emisoracolon.com.ar\/index.php\/wp-json\/wp\/v2\/media?parent=7767"}],"wp:term":[{"taxonomy":"category","embeddable":true,"href":"https:\/\/emisoracolon.com.ar\/index.php\/wp-json\/wp\/v2\/categories?post=7767"},{"taxonomy":"post_tag","embeddable":true,"href":"https:\/\/emisoracolon.com.ar\/index.php\/wp-json\/wp\/v2\/tags?post=7767"}],"curies":[{"name":"wp","href":"https:\/\/api.w.org\/{rel}","templated":true}]}}