{"id":7757,"date":"2025-07-30T16:45:13","date_gmt":"2025-07-30T19:45:13","guid":{"rendered":"https:\/\/emisoracolon.com.ar\/?p=7757"},"modified":"2025-07-30T16:46:45","modified_gmt":"2025-07-30T19:46:45","slug":"reclamos-del-bloque-radical-por-obras-y-controles-viales","status":"publish","type":"post","link":"https:\/\/emisoracolon.com.ar\/index.php\/2025\/07\/30\/reclamos-del-bloque-radical-por-obras-y-controles-viales\/","title":{"rendered":"Reclamos del bloque radical por obras y controles viales"},"content":{"rendered":"\n<p>El bloque de concejales radicales del Honorable Concejo Deliberante present\u00f3 dos pedidos al Departamento Ejecutivo Municipal vinculados a obras de reparaci\u00f3n y control del tr\u00e1nsito pesado en la ciudad.<\/p>\n\n\n\n<p>Por un lado, solicitaron la reparaci\u00f3n del cord\u00f3n roto en la ochava de Plaza San Mart\u00edn, en la intersecci\u00f3n de calles 49 y 16. Seg\u00fan manifestaron, &#8220;hay un sobresaliente importante y otros pedazos del cord\u00f3n partidos y pr\u00f3ximos a romperse&#8221;. Advirtieron que el mal estado del cord\u00f3n podr\u00eda provocar accidentes o da\u00f1os a veh\u00edculos que circulan por la zona. \u201cEs importante reparar esa parte para evitar incidentes o roturas en los autos que puedan impactar con ese fragmento que sobresale\u201d, expresaron.<\/p>\n\n\n\n<p>Por otro lado, reclamaron la reparaci\u00f3n y control del tr\u00e1nsito en calle 26, especialmente en el barrio Pro-Casa \u2014que abarca desde calle 52 hasta 56 y de 25 a 26\u2014. Se\u00f1alaron que por all\u00ed circulan con frecuencia camiones cargados con cereales, lo que est\u00e1 deteriorando la calzada y afectando la vida cotidiana del vecindario. Solicitan no solo el arreglo de la calle, sino tambi\u00e9n medidas para regular la circulaci\u00f3n del tr\u00e1nsito pesado en esa zona residencial.<\/p>\n\n\n\n<p><strong>30\/07\/25 Hoy se re\u00fane el HCD<\/strong><\/p>\n\n\n\n<p>Este mi\u00e9rcoles 30 de julio a las 20:30 tendr\u00e1 lugar la d\u00e9cima sesi\u00f3n ordinaria del Honorable Concejo Deliberante de Col\u00f3n, luego de haber sido suspendida el pasado lunes por el fallecimiento del secretario del cuerpo, Marcelo Mart\u00ednez.<\/p>\n\n\n\n<p>En el orden del d\u00eda se destaca el uso de la banca ciudadana por parte del colectivo de Acompa\u00f1antes Terap\u00e9uticos de Col\u00f3n, con la exposici\u00f3n a cargo de Claudia Arias.<\/p>\n\n\n\n<p>Como lo vienen se\u00f1alando en las redes pretenden hacer conocer la situaci\u00f3n del sector y reclamando una ley que regule esa labor profesional<\/p>\n\n\n\n<hr class=\"wp-block-separator has-alpha-channel-opacity\"\/>\n\n\n\n<p><strong>Recomposici\u00f3n salarial para m\u00e9dicos residentes del Hospital Garrahan<\/strong><\/p>\n\n\n\n<p>Un expediente presentado por la concejala Alicia Franco, en el marco de la Comisi\u00f3n de Salud, Discapacidad, Tercera Edad, Adultos y Adultas Mayores, Desarrollo Humano, Derechos del Consumidor y Ecolog\u00eda y Medio Ambiente, propone una resoluci\u00f3n mediante la cual se solicita al Gobierno Nacional la urgente recomposici\u00f3n salarial de los m\u00e9dicos residentes del Hospital Garrahan.<\/p>\n\n\n\n<p>En los fundamentos de la propuesta, Franco advierte sobre &#8220;la falta de un salario digno para los m\u00e9dicos y m\u00e9dicas residentes&#8221;, lo cual \u2014seg\u00fan expresa\u2014 representa &#8220;una grave amenaza para la calidad de la atenci\u00f3n m\u00e9dica infantil en la Argentina&#8221;. Y agrega: \u201cNo podemos permitir que se ponga en riesgo el futuro de nuestro sistema de salud p\u00fablica ni el bienestar de nuestros ni\u00f1os\u201d.<\/p>\n\n\n\n<p>La resoluci\u00f3n presentada indica que:<\/p>\n\n\n\n<p>&#8220;El Honorable Concejo Deliberante de Col\u00f3n solicita al Gobierno Nacional la urgente recomposici\u00f3n salarial de los m\u00e9dicos residentes del Hospital Garrahan&#8221;.<\/p>\n\n\n\n<p>Durante el tratamiento del tema, el concejal Julio \u00c1lvarez opin\u00f3: \u201cSer\u00eda bueno que el gobernador Kicillof pague la deuda que tiene con el Hospital Garrahan, porque as\u00ed tambi\u00e9n los sueldos m\u00e9dicos del Garrahan podr\u00edan mejorar\u201d.<\/p>\n\n\n\n<p>Franco respondi\u00f3 se\u00f1alando los distintos recortes presupuestarios que \u2014seg\u00fan dijo\u2014 sufre la provincia de Buenos Aires por parte del Gobierno Nacional. Adem\u00e1s, remarc\u00f3 que \u201clos m\u00e9dicos del Garrahan han dejado de ser considerados empleados para pasar a la categor\u00eda de becarios, a pesar de que son profesionales recibidos en la Facultad de Medicina de la UBA\u201d.<\/p>\n","protected":false},"excerpt":{"rendered":"<p>El bloque de concejales radicales del Honorable Concejo Deliberante present\u00f3 dos pedidos al Departamento Ejecutivo Municipal vinculados a obras de reparaci\u00f3n y control del tr\u00e1nsito pesado en la ciudad. Por un lado,&#8230;<\/p>\n","protected":false},"author":1,"featured_media":371,"comment_status":"open","ping_status":"open","sticky":false,"template":"","format":"standard","meta":{"footnotes":""},"categories":[3],"tags":[],"class_list":["post-7757","post","type-post","status-publish","format-standard","has-post-thumbnail","hentry","category-general"],"_links":{"self":[{"href":"https:\/\/emisoracolon.com.ar\/index.php\/wp-json\/wp\/v2\/posts\/7757","targetHints":{"allow":["GET"]}}],"collection":[{"href":"https:\/\/emisoracolon.com.ar\/index.php\/wp-json\/wp\/v2\/posts"}],"about":[{"href":"https:\/\/emisoracolon.com.ar\/index.php\/wp-json\/wp\/v2\/types\/post"}],"author":[{"embeddable":true,"href":"https:\/\/emisoracolon.com.ar\/index.php\/wp-json\/wp\/v2\/users\/1"}],"replies":[{"embeddable":true,"href":"https:\/\/emisoracolon.com.ar\/index.php\/wp-json\/wp\/v2\/comments?post=7757"}],"version-history":[{"count":2,"href":"https:\/\/emisoracolon.com.ar\/index.php\/wp-json\/wp\/v2\/posts\/7757\/revisions"}],"predecessor-version":[{"id":7759,"href":"https:\/\/emisoracolon.com.ar\/index.php\/wp-json\/wp\/v2\/posts\/7757\/revisions\/7759"}],"wp:featuredmedia":[{"embeddable":true,"href":"https:\/\/emisoracolon.com.ar\/index.php\/wp-json\/wp\/v2\/media\/371"}],"wp:attachment":[{"href":"https:\/\/emisoracolon.com.ar\/index.php\/wp-json\/wp\/v2\/media?parent=7757"}],"wp:term":[{"taxonomy":"category","embeddable":true,"href":"https:\/\/emisoracolon.com.ar\/index.php\/wp-json\/wp\/v2\/categories?post=7757"},{"taxonomy":"post_tag","embeddable":true,"href":"https:\/\/emisoracolon.com.ar\/index.php\/wp-json\/wp\/v2\/tags?post=7757"}],"curies":[{"name":"wp","href":"https:\/\/api.w.org\/{rel}","templated":true}]}}