{"id":7321,"date":"2025-06-30T17:16:26","date_gmt":"2025-06-30T20:16:26","guid":{"rendered":"https:\/\/emisoracolon.com.ar\/?p=7321"},"modified":"2025-06-30T17:20:31","modified_gmt":"2025-06-30T20:20:31","slug":"unidad-peronista-en-la-provincia","status":"publish","type":"post","link":"https:\/\/emisoracolon.com.ar\/index.php\/2025\/06\/30\/unidad-peronista-en-la-provincia\/","title":{"rendered":"Unidad peronista en la Provincia"},"content":{"rendered":"\n<p>El gobernador Axel Kicillof, el excandidato a presidente, Sergio Massa, el diputado nacional M\u00e1ximo Kirchner, el presidente de la C\u00e1mara de Diputados bonaerense Alexis Guerrera e intendentes, en representaci\u00f3n de los distintos sectores del peronismo, se reunieron durante dos horas la noche del domingo en la Casa de Gobierno, en La Plata, encuentro en el que definieron la unidad como estrategia electoral, posicionamiento pol\u00edtico a septiembre y octubre, y una mesa chica para definir candidatos.<\/p>\n\n\n\n<p>Se avanz\u00f3 en el objetivo de conformar un frente conjunto de cara a las elecciones provinciales del 7 de septiembre y las nacionales del 26 de octubre. Entre otras cuestiones acordaron que el criterio para elegir los candidatos que encabezar\u00e1n las listas seccionales ser\u00e1n las y los referentes m\u00e1s competitivos, \u201ccon el objetivo de que el peronismo resulte triunfante en ambas elecciones\u201d, dijeron fuentes ligadas a uno de los sectores representados la noche del domingo en el edificio de la capital bonaerense. Siempre de acuerdo con la misma fuente, la estrategia electoral la va a liderar el gobernado Kicillof, pero el armado de listas, los tres: Kicillof, M\u00e1ximo Kirchner y Massa. \u201cY se van a definir triunviratos para la campa\u00f1a y el cierre de distritos\u201d.<\/p>\n\n\n\n<p><strong>Unidad peronista en la Provincia<\/strong><\/p>\n\n\n\n<p>El gobernador Axel Kicillof, el excandidato a presidente, Sergio Massa, el diputado nacional M\u00e1ximo Kirchner, el presidente de la C\u00e1mara de Diputados bonaerense Alexis Guerrera e intendentes, en representaci\u00f3n de los distintos sectores del peronismo, se reunieron durante dos horas la noche del domingo en la Casa de Gobierno, en La Plata, encuentro en el que definieron la unidad como estrategia electoral, posicionamiento pol\u00edtico a septiembre y octubre, y una mesa chica para definir candidatos.<\/p>\n\n\n\n<p>Se avanz\u00f3 en el objetivo de conformar un frente conjunto de cara a las elecciones provinciales del 7 de septiembre y las nacionales del 26 de octubre. Entre otras cuestiones acordaron que el criterio para elegir los candidatos que encabezar\u00e1n las listas seccionales ser\u00e1n las y los referentes m\u00e1s competitivos, \u201ccon el objetivo de que el peronismo resulte triunfante en ambas elecciones\u201d, dijeron fuentes ligadas a uno de los sectores representados la noche del domingo en el edificio de la capital bonaerense. Siempre de acuerdo con la misma fuente, la estrategia electoral la va a liderar el gobernado Kicillof, pero el armado de listas, los tres: Kicillof, M\u00e1ximo Kirchner y Massa. \u201cY se van a definir triunviratos para la campa\u00f1a y el cierre de distritos\u201d.<\/p>\n","protected":false},"excerpt":{"rendered":"<p>El gobernador Axel Kicillof, el excandidato a presidente, Sergio Massa, el diputado nacional M\u00e1ximo Kirchner, el presidente de la C\u00e1mara de Diputados bonaerense Alexis Guerrera e intendentes, en representaci\u00f3n de los distintos&#8230;<\/p>\n","protected":false},"author":1,"featured_media":7324,"comment_status":"open","ping_status":"open","sticky":false,"template":"","format":"standard","meta":{"footnotes":""},"categories":[5],"tags":[],"class_list":["post-7321","post","type-post","status-publish","format-standard","has-post-thumbnail","hentry","category-politica_local"],"_links":{"self":[{"href":"https:\/\/emisoracolon.com.ar\/index.php\/wp-json\/wp\/v2\/posts\/7321","targetHints":{"allow":["GET"]}}],"collection":[{"href":"https:\/\/emisoracolon.com.ar\/index.php\/wp-json\/wp\/v2\/posts"}],"about":[{"href":"https:\/\/emisoracolon.com.ar\/index.php\/wp-json\/wp\/v2\/types\/post"}],"author":[{"embeddable":true,"href":"https:\/\/emisoracolon.com.ar\/index.php\/wp-json\/wp\/v2\/users\/1"}],"replies":[{"embeddable":true,"href":"https:\/\/emisoracolon.com.ar\/index.php\/wp-json\/wp\/v2\/comments?post=7321"}],"version-history":[{"count":1,"href":"https:\/\/emisoracolon.com.ar\/index.php\/wp-json\/wp\/v2\/posts\/7321\/revisions"}],"predecessor-version":[{"id":7323,"href":"https:\/\/emisoracolon.com.ar\/index.php\/wp-json\/wp\/v2\/posts\/7321\/revisions\/7323"}],"wp:featuredmedia":[{"embeddable":true,"href":"https:\/\/emisoracolon.com.ar\/index.php\/wp-json\/wp\/v2\/media\/7324"}],"wp:attachment":[{"href":"https:\/\/emisoracolon.com.ar\/index.php\/wp-json\/wp\/v2\/media?parent=7321"}],"wp:term":[{"taxonomy":"category","embeddable":true,"href":"https:\/\/emisoracolon.com.ar\/index.php\/wp-json\/wp\/v2\/categories?post=7321"},{"taxonomy":"post_tag","embeddable":true,"href":"https:\/\/emisoracolon.com.ar\/index.php\/wp-json\/wp\/v2\/tags?post=7321"}],"curies":[{"name":"wp","href":"https:\/\/api.w.org\/{rel}","templated":true}]}}