{"id":7308,"date":"2025-06-27T16:26:29","date_gmt":"2025-06-27T19:26:29","guid":{"rendered":"https:\/\/emisoracolon.com.ar\/?p=7308"},"modified":"2025-06-27T16:26:29","modified_gmt":"2025-06-27T19:26:29","slug":"apoyo-al-garraham","status":"publish","type":"post","link":"https:\/\/emisoracolon.com.ar\/index.php\/2025\/06\/27\/apoyo-al-garraham\/","title":{"rendered":"Apoyo al Garraham"},"content":{"rendered":"\n<p>Alicia Franco reclam\u00f3 por la situaci\u00f3n del Hospital Garraham. Reclam\u00f3 un salario digno para los m\u00e9dicos y m\u00e9dicas porque dijo, la situaci\u00f3n actual representa una grave amenaza para la calidad de la atenci\u00f3n m\u00e9dica infantil en la Argentina.<\/p>\n\n\n\n<p>Esto tambi\u00e9n Milei, que deja de lado el Hospital Garrahan, que no le da presupuesto a los residentes. El Hospital Garrahan no s\u00f3lo es importante para nuestro pa\u00eds, sino que es para toda Latinoam\u00e9rica, porque ac\u00e1 se han tra\u00eddo chicos de otros pa\u00edses a hacer trasplantes. La semana pasada, naci\u00f3 la primera beb\u00e9 operada dentro del \u00fatero en el hospital.<\/p>\n\n\n\n<p>Milei no considera lo que es salud p\u00fablica, quiere achicar el Estado, quiere el d\u00e9ficit cero, y as\u00ed estamos.<\/p>\n","protected":false},"excerpt":{"rendered":"<p>Alicia Franco reclam\u00f3 por la situaci\u00f3n del Hospital Garraham. Reclam\u00f3 un salario digno para los m\u00e9dicos y m\u00e9dicas porque dijo, la situaci\u00f3n actual representa una grave amenaza para la calidad de la&#8230;<\/p>\n","protected":false},"author":1,"featured_media":7309,"comment_status":"open","ping_status":"open","sticky":false,"template":"","format":"standard","meta":{"footnotes":""},"categories":[3],"tags":[],"class_list":["post-7308","post","type-post","status-publish","format-standard","has-post-thumbnail","hentry","category-general"],"_links":{"self":[{"href":"https:\/\/emisoracolon.com.ar\/index.php\/wp-json\/wp\/v2\/posts\/7308","targetHints":{"allow":["GET"]}}],"collection":[{"href":"https:\/\/emisoracolon.com.ar\/index.php\/wp-json\/wp\/v2\/posts"}],"about":[{"href":"https:\/\/emisoracolon.com.ar\/index.php\/wp-json\/wp\/v2\/types\/post"}],"author":[{"embeddable":true,"href":"https:\/\/emisoracolon.com.ar\/index.php\/wp-json\/wp\/v2\/users\/1"}],"replies":[{"embeddable":true,"href":"https:\/\/emisoracolon.com.ar\/index.php\/wp-json\/wp\/v2\/comments?post=7308"}],"version-history":[{"count":1,"href":"https:\/\/emisoracolon.com.ar\/index.php\/wp-json\/wp\/v2\/posts\/7308\/revisions"}],"predecessor-version":[{"id":7310,"href":"https:\/\/emisoracolon.com.ar\/index.php\/wp-json\/wp\/v2\/posts\/7308\/revisions\/7310"}],"wp:featuredmedia":[{"embeddable":true,"href":"https:\/\/emisoracolon.com.ar\/index.php\/wp-json\/wp\/v2\/media\/7309"}],"wp:attachment":[{"href":"https:\/\/emisoracolon.com.ar\/index.php\/wp-json\/wp\/v2\/media?parent=7308"}],"wp:term":[{"taxonomy":"category","embeddable":true,"href":"https:\/\/emisoracolon.com.ar\/index.php\/wp-json\/wp\/v2\/categories?post=7308"},{"taxonomy":"post_tag","embeddable":true,"href":"https:\/\/emisoracolon.com.ar\/index.php\/wp-json\/wp\/v2\/tags?post=7308"}],"curies":[{"name":"wp","href":"https:\/\/api.w.org\/{rel}","templated":true}]}}