{"id":7305,"date":"2025-06-27T16:25:10","date_gmt":"2025-06-27T19:25:10","guid":{"rendered":"https:\/\/emisoracolon.com.ar\/?p=7305"},"modified":"2025-06-27T16:25:10","modified_gmt":"2025-06-27T19:25:10","slug":"se-realizo-la-feria-distrital-de-educacion-arte-ciencias-y-tecnologia","status":"publish","type":"post","link":"https:\/\/emisoracolon.com.ar\/index.php\/2025\/06\/27\/se-realizo-la-feria-distrital-de-educacion-arte-ciencias-y-tecnologia\/","title":{"rendered":"Se realiz\u00f3 la Feria Distrital de Educaci\u00f3n, Arte, Ciencias y Tecnolog\u00eda"},"content":{"rendered":"\n<p>Tal como se hab\u00eda anticipado, ayer se desarroll\u00f3 la Feria Distrital de Educaci\u00f3n, Arte, Ciencias y Tecnolog\u00eda, con amplia participaci\u00f3n de los establecimientos educativos del distrito. El evento tuvo lugar en la Escuela de Educaci\u00f3n Secundaria T\u00e9cnica N.\u00ba 1.<\/p>\n\n\n\n<p>Las actividades comenzaron alrededor de las 08:00 con la llegada de los primeros evaluadores, y posteriormente se realiz\u00f3 el acto de apertura. Durante el mismo, se destac\u00f3 que la feria constituye \u201cuna forma de interactuar con las distintas formas del crecimiento, un encuentro pedag\u00f3gico donde se ense\u00f1a, se aprende y se establece un di\u00e1logo con la comunidad educativa. Es una instancia de encuentro y de divulgaci\u00f3n de conocimientos\u201d.<\/p>\n\n\n\n<p>El acto protocolar incluy\u00f3 el ingreso de las banderas de ceremonia de las instituciones participantes, la entonaci\u00f3n del Himno Nacional Argentino, y la presentaci\u00f3n de las escuelas presentes. Tras el retiro de las banderas, alumnos de la Escuela Primaria N.\u00ba 6 y del Instituto Monse\u00f1or de Andrea ofrecieron un cuadro art\u00edstico de danza.<\/p>\n\n\n\n<p>Luego, continu\u00f3 la exposici\u00f3n de los distintos trabajos hasta horas de la tarde, con una nutrida asistencia de docentes, estudiantes, familias y comunidad en general.<\/p>\n","protected":false},"excerpt":{"rendered":"<p>Tal como se hab\u00eda anticipado, ayer se desarroll\u00f3 la Feria Distrital de Educaci\u00f3n, Arte, Ciencias y Tecnolog\u00eda, con amplia participaci\u00f3n de los establecimientos educativos del distrito. El evento tuvo lugar en la&#8230;<\/p>\n","protected":false},"author":1,"featured_media":7306,"comment_status":"open","ping_status":"open","sticky":false,"template":"","format":"standard","meta":{"footnotes":""},"categories":[7,3],"tags":[],"class_list":["post-7305","post","type-post","status-publish","format-standard","has-post-thumbnail","hentry","category-cultura","category-general"],"_links":{"self":[{"href":"https:\/\/emisoracolon.com.ar\/index.php\/wp-json\/wp\/v2\/posts\/7305","targetHints":{"allow":["GET"]}}],"collection":[{"href":"https:\/\/emisoracolon.com.ar\/index.php\/wp-json\/wp\/v2\/posts"}],"about":[{"href":"https:\/\/emisoracolon.com.ar\/index.php\/wp-json\/wp\/v2\/types\/post"}],"author":[{"embeddable":true,"href":"https:\/\/emisoracolon.com.ar\/index.php\/wp-json\/wp\/v2\/users\/1"}],"replies":[{"embeddable":true,"href":"https:\/\/emisoracolon.com.ar\/index.php\/wp-json\/wp\/v2\/comments?post=7305"}],"version-history":[{"count":1,"href":"https:\/\/emisoracolon.com.ar\/index.php\/wp-json\/wp\/v2\/posts\/7305\/revisions"}],"predecessor-version":[{"id":7307,"href":"https:\/\/emisoracolon.com.ar\/index.php\/wp-json\/wp\/v2\/posts\/7305\/revisions\/7307"}],"wp:featuredmedia":[{"embeddable":true,"href":"https:\/\/emisoracolon.com.ar\/index.php\/wp-json\/wp\/v2\/media\/7306"}],"wp:attachment":[{"href":"https:\/\/emisoracolon.com.ar\/index.php\/wp-json\/wp\/v2\/media?parent=7305"}],"wp:term":[{"taxonomy":"category","embeddable":true,"href":"https:\/\/emisoracolon.com.ar\/index.php\/wp-json\/wp\/v2\/categories?post=7305"},{"taxonomy":"post_tag","embeddable":true,"href":"https:\/\/emisoracolon.com.ar\/index.php\/wp-json\/wp\/v2\/tags?post=7305"}],"curies":[{"name":"wp","href":"https:\/\/api.w.org\/{rel}","templated":true}]}}