{"id":7303,"date":"2025-06-27T16:23:44","date_gmt":"2025-06-27T19:23:44","guid":{"rendered":"https:\/\/emisoracolon.com.ar\/?p=7303"},"modified":"2025-06-27T16:23:44","modified_gmt":"2025-06-27T19:23:44","slug":"intento-ingresar-al-despacho-del-intendente-y-termino-aprehendida","status":"publish","type":"post","link":"https:\/\/emisoracolon.com.ar\/index.php\/2025\/06\/27\/intento-ingresar-al-despacho-del-intendente-y-termino-aprehendida\/","title":{"rendered":"Intent\u00f3 ingresar al despacho del intendente y termin\u00f3 aprehendida"},"content":{"rendered":"\n<p>Ayer al mediod\u00eda, alrededor de las 12:00, una mujer de aproximadamente 40 a\u00f1os protagoniz\u00f3 un incidente en el edificio municipal.<\/p>\n\n\n\n<p>Por causas que a\u00fan se investigan, intent\u00f3 ingresar al despacho del intendente. Al no lograrlo, termin\u00f3 da\u00f1ando el cristal de una puerta corrediza que da acceso a ese sector.<\/p>\n\n\n\n<p>Ante la situaci\u00f3n, se convoc\u00f3 r\u00e1pidamente a la polic\u00eda, que acudi\u00f3 al lugar y procedi\u00f3 a la aprehensi\u00f3n de la mujer. Fue trasladada a la comisar\u00eda y se le labr\u00f3 una causa por da\u00f1o a un bien p\u00fablico<\/p>\n","protected":false},"excerpt":{"rendered":"<p>Ayer al mediod\u00eda, alrededor de las 12:00, una mujer de aproximadamente 40 a\u00f1os protagoniz\u00f3 un incidente en el edificio municipal. Por causas que a\u00fan se investigan, intent\u00f3 ingresar al despacho del intendente&#8230;.<\/p>\n","protected":false},"author":1,"featured_media":2063,"comment_status":"open","ping_status":"open","sticky":false,"template":"","format":"standard","meta":{"footnotes":""},"categories":[3],"tags":[],"class_list":["post-7303","post","type-post","status-publish","format-standard","has-post-thumbnail","hentry","category-general"],"_links":{"self":[{"href":"https:\/\/emisoracolon.com.ar\/index.php\/wp-json\/wp\/v2\/posts\/7303","targetHints":{"allow":["GET"]}}],"collection":[{"href":"https:\/\/emisoracolon.com.ar\/index.php\/wp-json\/wp\/v2\/posts"}],"about":[{"href":"https:\/\/emisoracolon.com.ar\/index.php\/wp-json\/wp\/v2\/types\/post"}],"author":[{"embeddable":true,"href":"https:\/\/emisoracolon.com.ar\/index.php\/wp-json\/wp\/v2\/users\/1"}],"replies":[{"embeddable":true,"href":"https:\/\/emisoracolon.com.ar\/index.php\/wp-json\/wp\/v2\/comments?post=7303"}],"version-history":[{"count":1,"href":"https:\/\/emisoracolon.com.ar\/index.php\/wp-json\/wp\/v2\/posts\/7303\/revisions"}],"predecessor-version":[{"id":7304,"href":"https:\/\/emisoracolon.com.ar\/index.php\/wp-json\/wp\/v2\/posts\/7303\/revisions\/7304"}],"wp:featuredmedia":[{"embeddable":true,"href":"https:\/\/emisoracolon.com.ar\/index.php\/wp-json\/wp\/v2\/media\/2063"}],"wp:attachment":[{"href":"https:\/\/emisoracolon.com.ar\/index.php\/wp-json\/wp\/v2\/media?parent=7303"}],"wp:term":[{"taxonomy":"category","embeddable":true,"href":"https:\/\/emisoracolon.com.ar\/index.php\/wp-json\/wp\/v2\/categories?post=7303"},{"taxonomy":"post_tag","embeddable":true,"href":"https:\/\/emisoracolon.com.ar\/index.php\/wp-json\/wp\/v2\/tags?post=7303"}],"curies":[{"name":"wp","href":"https:\/\/api.w.org\/{rel}","templated":true}]}}