{"id":7301,"date":"2025-06-27T16:23:04","date_gmt":"2025-06-27T19:23:04","guid":{"rendered":"https:\/\/emisoracolon.com.ar\/?p=7301"},"modified":"2025-06-27T16:23:04","modified_gmt":"2025-06-27T19:23:04","slug":"agresion-a-un-menor-sin-novedades-de-los-profugos-y-declaracion-del-detenido","status":"publish","type":"post","link":"https:\/\/emisoracolon.com.ar\/index.php\/2025\/06\/27\/agresion-a-un-menor-sin-novedades-de-los-profugos-y-declaracion-del-detenido\/","title":{"rendered":"Agresi\u00f3n a un menor: sin novedades de los pr\u00f3fugos y declaraci\u00f3n del detenido"},"content":{"rendered":"\n<p>Contin\u00faa la investigaci\u00f3n por la violenta agresi\u00f3n sufrida por un joven de 17 a\u00f1os a la salida de un boliche bailable.<\/p>\n\n\n\n<p>Hasta el momento, no se han registrado mayores novedades. Dos de los imputados permanecen pr\u00f3fugos, mientras sus defensas presentaron un recurso ante la C\u00e1mara para apelar el rechazo al pedido de eximici\u00f3n de prisi\u00f3n. Se espera que el tribunal tome una decisi\u00f3n en breve.<\/p>\n\n\n\n<p>En cuanto al \u00fanico detenido, Maximiliano Mart\u00ednez, ayer prest\u00f3 declaraci\u00f3n indagatoria. Est\u00e1 imputado por el delito de tentativa de homicidio, aunque su abogado defensor sostiene que esa calificaci\u00f3n es incorrecta y pidi\u00f3 que se recaratule la causa como \u201clesiones graves\u201d. Si el cambio es aceptado, el detenido podr\u00eda quedar en condiciones de solicitar su excarcelaci\u00f3n.<\/p>\n","protected":false},"excerpt":{"rendered":"<p>Contin\u00faa la investigaci\u00f3n por la violenta agresi\u00f3n sufrida por un joven de 17 a\u00f1os a la salida de un boliche bailable. Hasta el momento, no se han registrado mayores novedades. Dos de&#8230;<\/p>\n","protected":false},"author":1,"featured_media":4971,"comment_status":"open","ping_status":"open","sticky":false,"template":"","format":"standard","meta":{"footnotes":""},"categories":[3],"tags":[],"class_list":["post-7301","post","type-post","status-publish","format-standard","has-post-thumbnail","hentry","category-general"],"_links":{"self":[{"href":"https:\/\/emisoracolon.com.ar\/index.php\/wp-json\/wp\/v2\/posts\/7301","targetHints":{"allow":["GET"]}}],"collection":[{"href":"https:\/\/emisoracolon.com.ar\/index.php\/wp-json\/wp\/v2\/posts"}],"about":[{"href":"https:\/\/emisoracolon.com.ar\/index.php\/wp-json\/wp\/v2\/types\/post"}],"author":[{"embeddable":true,"href":"https:\/\/emisoracolon.com.ar\/index.php\/wp-json\/wp\/v2\/users\/1"}],"replies":[{"embeddable":true,"href":"https:\/\/emisoracolon.com.ar\/index.php\/wp-json\/wp\/v2\/comments?post=7301"}],"version-history":[{"count":1,"href":"https:\/\/emisoracolon.com.ar\/index.php\/wp-json\/wp\/v2\/posts\/7301\/revisions"}],"predecessor-version":[{"id":7302,"href":"https:\/\/emisoracolon.com.ar\/index.php\/wp-json\/wp\/v2\/posts\/7301\/revisions\/7302"}],"wp:featuredmedia":[{"embeddable":true,"href":"https:\/\/emisoracolon.com.ar\/index.php\/wp-json\/wp\/v2\/media\/4971"}],"wp:attachment":[{"href":"https:\/\/emisoracolon.com.ar\/index.php\/wp-json\/wp\/v2\/media?parent=7301"}],"wp:term":[{"taxonomy":"category","embeddable":true,"href":"https:\/\/emisoracolon.com.ar\/index.php\/wp-json\/wp\/v2\/categories?post=7301"},{"taxonomy":"post_tag","embeddable":true,"href":"https:\/\/emisoracolon.com.ar\/index.php\/wp-json\/wp\/v2\/tags?post=7301"}],"curies":[{"name":"wp","href":"https:\/\/api.w.org\/{rel}","templated":true}]}}