{"id":7299,"date":"2025-06-27T16:04:22","date_gmt":"2025-06-27T19:04:22","guid":{"rendered":"https:\/\/emisoracolon.com.ar\/?p=7299"},"modified":"2025-06-27T16:27:39","modified_gmt":"2025-06-27T19:27:39","slug":"hoy-conservatorio-politico-en-colon","status":"publish","type":"post","link":"https:\/\/emisoracolon.com.ar\/index.php\/2025\/06\/27\/hoy-conservatorio-politico-en-colon\/","title":{"rendered":"Hoy conservatorio pol\u00edtico en Col\u00f3n"},"content":{"rendered":"\n<p>Este jueves a las 16:00 en la Unidad B\u00e1sica ubicada en calle 48 entre 18 y 19 de la ciudad de Col\u00f3n, se llevar\u00e1 a cabo un conservatorio bajo la consigna \u201cCristina Viva y Libre: organizar, imaginar y transformar el presente\u201d. La actividad contar\u00e1 con la presencia de la diputada nacional M\u00f3nica Macha y la senadora provincial Laura Clark, en el marco de una serie de encuentros para discutir el presente pol\u00edtico argentino tras la reciente condena judicial contra la expresidenta Cristina Fern\u00e1ndez de Kirchner.<\/p>\n\n\n\n<p>Durante la convocatoria, ambas referentes pol\u00edticas expondr\u00e1n duras cr\u00edticas hacia el Poder Judicial, al que consideraron funcional a los intereses de los sectores econ\u00f3micos concentrados del pa\u00eds. En declaraciones a esta radio, Macha asegur\u00f3 que la condena contra Cristina es \u201cuna proscripci\u00f3n pol\u00edtica\u201d cuyo verdadero objetivo es \u201cquitar de la cancha a la principal lideresa de la oposici\u00f3n\u201d de cara al escenario electoral.<\/p>\n\n\n\n<p>Macha, tambi\u00e9n, sostuvo que la persecuci\u00f3n judicial contra Cristina no es un hecho aislado, sino que forma parte de un proceso m\u00e1s amplio de debilitamiento institucional: \u201cCuando el Poder Judicial act\u00faa como brazo pol\u00edtico de las corporaciones, lo que est\u00e1 en riesgo es la democracia misma\u201d, expres\u00f3. Adem\u00e1s, subray\u00f3 que la conducci\u00f3n pol\u00edtica de Fern\u00e1ndez de Kirchner contin\u00faa intacta y llam\u00f3 a defender su figura \u201cdesde la organizaci\u00f3n y la participaci\u00f3n pol\u00edtica\u201d.<\/p>\n\n\n\n<p>La legisladora tambi\u00e9n alert\u00f3 sobre el impacto de la condena en la militancia y el electorado: \u201cEsto nos reordena la agenda y nos obliga a priorizar la defensa de la democracia\u201d. Remarc\u00f3 adem\u00e1s que en un contexto de creciente apat\u00eda electoral, es fundamental fortalecer la participaci\u00f3n popular para evitar el avance de proyectos pol\u00edticos \u201cantipopulares y concentradores\u201d.<\/p>\n\n\n\n<p>En sus cr\u00edticas, Macha apunt\u00f3 contra el gobierno de Javier Milei, al que defini\u00f3 como un \u201cproyecto elitista y clasista\u201d que busca desarticular la clase media argentina mediante el vaciamiento de la educaci\u00f3n p\u00fablica, la salud y los sistemas de protecci\u00f3n social. Seg\u00fan la diputada, el actual oficialismo \u201ctrabaja para destruir el modelo de movilidad social ascendente que promovieron N\u00e9stor y Cristina\u201d.<\/p>\n\n\n\n<p>Por \u00faltimo, Macha dej\u00f3 un mensaje a quienes se sienten decepcionados o desmovilizados tras la condena: \u201cCristina est\u00e1 fuerte, est\u00e1 activa, y nos necesita a todos. La \u00fanica forma de sostener este proyecto es encontr\u00e1ndonos, organiz\u00e1ndonos y construyendo colectivamente una respuesta\u201d.<\/p>\n\n\n\n<hr class=\"wp-block-separator has-alpha-channel-opacity\"\/>\n\n\n\n<p><strong>27\/06\/25 &#8211; \u201cCristina libre\u201d: fuerte repudio al fallo judicial desde el bloque de Carolina Jaureguizhar<\/strong><\/p>\n\n\n\n<p>La dirigente Carolina Jaureguizhar expres\u00f3 un en\u00e9rgico rechazo al fallo que considera inconstitucional contra Cristina Fern\u00e1ndez de Kirchner y denunci\u00f3 una persecuci\u00f3n pol\u00edtica con fines proscriptivos.<\/p>\n\n\n\n<p>&#8220;Estamos frente a una sentencia que no resiste an\u00e1lisis jur\u00eddico alguno&#8221;, afirm\u00f3, y remarc\u00f3 que la causa est\u00e1 &#8220;plagada de irregularidades&#8221; y &#8220;sin pruebas directas que vinculen a Cristina con los hechos imputados&#8221;. Denunci\u00f3 adem\u00e1s que la prisi\u00f3n domiciliaria que cumple la expresidenta est\u00e1 acompa\u00f1ada de condiciones que calific\u00f3 de &#8220;inconstitucionales y humillantes&#8221;, entre ellas, &#8220;la absurda orden de salir al balc\u00f3n de su casa, en una clara maniobra de exposici\u00f3n medi\u00e1tica y hostigamiento&#8221;.<\/p>\n\n\n\n<p>Record\u00f3 palabras recientes de Cristina en Plaza de Mayo y en Parque Lezama, donde la exmandataria asegur\u00f3 que no es perseguida por sus errores, sino por &#8220;las conquistas logradas para el pueblo&#8221;.<\/p>\n\n\n\n<p>Jaureguizhar advirti\u00f3 tambi\u00e9n sobre el deterioro econ\u00f3mico bajo el actual modelo de ajuste: &#8220;En los \u00faltimos cinco meses se perdieron m\u00e1s de 150.000 empleos formales en el sector privado, y m\u00e1s de 250.000 informales&#8221;. Sum\u00f3 a ello una ca\u00edda del 18% en el consumo en supermercados y del 23% en ventas minoristas.<\/p>\n\n\n\n<p>&#8220;Quienes hoy buscan proscribirla son los mismos que promueven un pa\u00eds para pocos&#8221;, denunci\u00f3, y concluy\u00f3 reafirmando el compromiso de su espacio con la democracia, los derechos del pueblo, el trabajo y la soberan\u00eda: \u201cCristina libre\u201d.<\/p>\n","protected":false},"excerpt":{"rendered":"<p>Este jueves a las 16:00 en la Unidad B\u00e1sica ubicada en calle 48 entre 18 y 19 de la ciudad de Col\u00f3n, se llevar\u00e1 a cabo un conservatorio bajo la consigna \u201cCristina&#8230;<\/p>\n","protected":false},"author":1,"featured_media":7203,"comment_status":"open","ping_status":"open","sticky":false,"template":"","format":"standard","meta":{"footnotes":""},"categories":[3],"tags":[],"class_list":["post-7299","post","type-post","status-publish","format-standard","has-post-thumbnail","hentry","category-general"],"_links":{"self":[{"href":"https:\/\/emisoracolon.com.ar\/index.php\/wp-json\/wp\/v2\/posts\/7299","targetHints":{"allow":["GET"]}}],"collection":[{"href":"https:\/\/emisoracolon.com.ar\/index.php\/wp-json\/wp\/v2\/posts"}],"about":[{"href":"https:\/\/emisoracolon.com.ar\/index.php\/wp-json\/wp\/v2\/types\/post"}],"author":[{"embeddable":true,"href":"https:\/\/emisoracolon.com.ar\/index.php\/wp-json\/wp\/v2\/users\/1"}],"replies":[{"embeddable":true,"href":"https:\/\/emisoracolon.com.ar\/index.php\/wp-json\/wp\/v2\/comments?post=7299"}],"version-history":[{"count":2,"href":"https:\/\/emisoracolon.com.ar\/index.php\/wp-json\/wp\/v2\/posts\/7299\/revisions"}],"predecessor-version":[{"id":7311,"href":"https:\/\/emisoracolon.com.ar\/index.php\/wp-json\/wp\/v2\/posts\/7299\/revisions\/7311"}],"wp:featuredmedia":[{"embeddable":true,"href":"https:\/\/emisoracolon.com.ar\/index.php\/wp-json\/wp\/v2\/media\/7203"}],"wp:attachment":[{"href":"https:\/\/emisoracolon.com.ar\/index.php\/wp-json\/wp\/v2\/media?parent=7299"}],"wp:term":[{"taxonomy":"category","embeddable":true,"href":"https:\/\/emisoracolon.com.ar\/index.php\/wp-json\/wp\/v2\/categories?post=7299"},{"taxonomy":"post_tag","embeddable":true,"href":"https:\/\/emisoracolon.com.ar\/index.php\/wp-json\/wp\/v2\/tags?post=7299"}],"curies":[{"name":"wp","href":"https:\/\/api.w.org\/{rel}","templated":true}]}}