{"id":7293,"date":"2025-06-26T16:50:03","date_gmt":"2025-06-26T19:50:03","guid":{"rendered":"https:\/\/emisoracolon.com.ar\/?p=7293"},"modified":"2025-06-26T16:50:03","modified_gmt":"2025-06-26T19:50:03","slug":"alicia-franco-critico-la-eliminacion-del-plan-procrear-y-advirtio-sobre-su-impacto-social","status":"publish","type":"post","link":"https:\/\/emisoracolon.com.ar\/index.php\/2025\/06\/26\/alicia-franco-critico-la-eliminacion-del-plan-procrear-y-advirtio-sobre-su-impacto-social\/","title":{"rendered":"Alicia Franco critic\u00f3 la eliminaci\u00f3n del Plan Procrear y advirti\u00f3 sobre su impacto social"},"content":{"rendered":"\n<p>Tras el anuncio del gobierno nacional sobre el desmantelamiento del Plan Procrear, la concejala Alicia Franco expres\u00f3 su malestar y preocupaci\u00f3n por las consecuencias de esta medida. \u201cLa motosierra de Milei y el ministro de Econom\u00eda, Luis Caputo, avanzan sin freno, y ahora le toc\u00f3 al Procrear\u201d, denunci\u00f3.<\/p>\n\n\n\n<p>Franco se refiri\u00f3 espec\u00edficamente a la resoluci\u00f3n 764\/2025 mediante la cual Caputo dispuso el cierre del Fondo Fiduciario del Procrear, transfiriendo la gesti\u00f3n de los cr\u00e9ditos en ejecuci\u00f3n al Banco Hipotecario. \u201cEste programa, que fue lanzado en 2012 durante la presidencia de Cristina Fern\u00e1ndez de Kirchner, permiti\u00f3 que miles de familias accedieran a su primera vivienda. Hoy, queda desmantelado\u201d, lament\u00f3.<\/p>\n\n\n\n<p>La edil record\u00f3 que, hasta fines de 2023, Procrear II ofrec\u00eda tres l\u00edneas de acceso: desarrollo urban\u00edstico, lote con cr\u00e9dito para construcci\u00f3n, y mejoramiento de gas. Entre 2021 y 2023 se otorgaron 65.000 cr\u00e9ditos para construcci\u00f3n de viviendas, con un 85% de beneficiarios menores de 45 a\u00f1os y una edad promedio de 38. Adem\u00e1s, el 53% ten\u00eda hijos y el 60% alquilaba antes de acceder al plan.<\/p>\n\n\n\n<p>\u201cMuchos j\u00f3venes de Col\u00f3n lograron construir su primera casa gracias al Procrear. Hoy se los deja sin esa posibilidad. Porque con un sueldo com\u00fan, ya no se puede hacer una casa\u201d, se\u00f1al\u00f3 Franco, visiblemente molesta. \u201cEl Gobierno habla de d\u00e9ficit cero, pero no dice a costa de qu\u00e9: de abandonar la salud, la seguridad, la educaci\u00f3n\u2026 y ahora tambi\u00e9n el derecho a la vivienda\u201d, concluy\u00f3.<\/p>\n","protected":false},"excerpt":{"rendered":"<p>Tras el anuncio del gobierno nacional sobre el desmantelamiento del Plan Procrear, la concejala Alicia Franco expres\u00f3 su malestar y preocupaci\u00f3n por las consecuencias de esta medida. \u201cLa motosierra de Milei y&#8230;<\/p>\n","protected":false},"author":1,"featured_media":4313,"comment_status":"open","ping_status":"open","sticky":false,"template":"","format":"standard","meta":{"footnotes":""},"categories":[3],"tags":[],"class_list":["post-7293","post","type-post","status-publish","format-standard","has-post-thumbnail","hentry","category-general"],"_links":{"self":[{"href":"https:\/\/emisoracolon.com.ar\/index.php\/wp-json\/wp\/v2\/posts\/7293","targetHints":{"allow":["GET"]}}],"collection":[{"href":"https:\/\/emisoracolon.com.ar\/index.php\/wp-json\/wp\/v2\/posts"}],"about":[{"href":"https:\/\/emisoracolon.com.ar\/index.php\/wp-json\/wp\/v2\/types\/post"}],"author":[{"embeddable":true,"href":"https:\/\/emisoracolon.com.ar\/index.php\/wp-json\/wp\/v2\/users\/1"}],"replies":[{"embeddable":true,"href":"https:\/\/emisoracolon.com.ar\/index.php\/wp-json\/wp\/v2\/comments?post=7293"}],"version-history":[{"count":1,"href":"https:\/\/emisoracolon.com.ar\/index.php\/wp-json\/wp\/v2\/posts\/7293\/revisions"}],"predecessor-version":[{"id":7294,"href":"https:\/\/emisoracolon.com.ar\/index.php\/wp-json\/wp\/v2\/posts\/7293\/revisions\/7294"}],"wp:featuredmedia":[{"embeddable":true,"href":"https:\/\/emisoracolon.com.ar\/index.php\/wp-json\/wp\/v2\/media\/4313"}],"wp:attachment":[{"href":"https:\/\/emisoracolon.com.ar\/index.php\/wp-json\/wp\/v2\/media?parent=7293"}],"wp:term":[{"taxonomy":"category","embeddable":true,"href":"https:\/\/emisoracolon.com.ar\/index.php\/wp-json\/wp\/v2\/categories?post=7293"},{"taxonomy":"post_tag","embeddable":true,"href":"https:\/\/emisoracolon.com.ar\/index.php\/wp-json\/wp\/v2\/tags?post=7293"}],"curies":[{"name":"wp","href":"https:\/\/api.w.org\/{rel}","templated":true}]}}