{"id":7290,"date":"2025-06-26T16:49:22","date_gmt":"2025-06-26T19:49:22","guid":{"rendered":"https:\/\/emisoracolon.com.ar\/?p=7290"},"modified":"2025-06-26T16:49:22","modified_gmt":"2025-06-26T19:49:22","slug":"proponen-que-colon-adhiera-a-la-ley-de-generacion-distribuida-de-energia-renovable","status":"publish","type":"post","link":"https:\/\/emisoracolon.com.ar\/index.php\/2025\/06\/26\/proponen-que-colon-adhiera-a-la-ley-de-generacion-distribuida-de-energia-renovable\/","title":{"rendered":"Proponen que Col\u00f3n adhiera a la ley de generaci\u00f3n distribuida de energ\u00eda renovable"},"content":{"rendered":"\n<p>El radicalismo local present\u00f3 un proyecto de ordenanza para que el municipio de Col\u00f3n adhiera a la Ley Provincial N\u00b0 15.325 y, en consecuencia, a la Ley Nacional N\u00b0 27.424, que promueve el r\u00e9gimen de fomento a la generaci\u00f3n distribuida de energ\u00eda renovable integrada a la red el\u00e9ctrica p\u00fablica.<\/p>\n\n\n\n<p>La concejala Milagros Morales, impulsora de la iniciativa, destac\u00f3 la importancia del proyecto: \u201cCreemos que esta medida puede ser muy beneficiosa para todos los vecinos y tambi\u00e9n para las empresas de nuestra ciudad. La energ\u00eda solar es renovable, ecol\u00f3gica y contribuye significativamente a la reducci\u00f3n de costos\u201d, afirm\u00f3.<\/p>\n\n\n\n<p>Adem\u00e1s, Morales subray\u00f3 que este tipo de pol\u00edticas marcan un camino hacia una mayor sustentabilidad. \u201cPensamos en el futuro y en la necesidad de avanzar hacia una mayor autonom\u00eda energ\u00e9tica como municipio y como sociedad\u201d, se\u00f1al\u00f3.<\/p>\n\n\n\n<p>Finalmente, desde el radicalismo anunciaron que trabajar\u00e1n para lograr una pronta aprobaci\u00f3n del proyecto, con el objetivo de que Col\u00f3n cuente con un r\u00e9gimen legal que regule e incentive el uso de energ\u00edas limpias, en particular la solar.<\/p>\n","protected":false},"excerpt":{"rendered":"<p>El radicalismo local present\u00f3 un proyecto de ordenanza para que el municipio de Col\u00f3n adhiera a la Ley Provincial N\u00b0 15.325 y, en consecuencia, a la Ley Nacional N\u00b0 27.424, que promueve&#8230;<\/p>\n","protected":false},"author":1,"featured_media":7291,"comment_status":"open","ping_status":"open","sticky":false,"template":"","format":"standard","meta":{"footnotes":""},"categories":[3],"tags":[],"class_list":["post-7290","post","type-post","status-publish","format-standard","has-post-thumbnail","hentry","category-general"],"_links":{"self":[{"href":"https:\/\/emisoracolon.com.ar\/index.php\/wp-json\/wp\/v2\/posts\/7290","targetHints":{"allow":["GET"]}}],"collection":[{"href":"https:\/\/emisoracolon.com.ar\/index.php\/wp-json\/wp\/v2\/posts"}],"about":[{"href":"https:\/\/emisoracolon.com.ar\/index.php\/wp-json\/wp\/v2\/types\/post"}],"author":[{"embeddable":true,"href":"https:\/\/emisoracolon.com.ar\/index.php\/wp-json\/wp\/v2\/users\/1"}],"replies":[{"embeddable":true,"href":"https:\/\/emisoracolon.com.ar\/index.php\/wp-json\/wp\/v2\/comments?post=7290"}],"version-history":[{"count":1,"href":"https:\/\/emisoracolon.com.ar\/index.php\/wp-json\/wp\/v2\/posts\/7290\/revisions"}],"predecessor-version":[{"id":7292,"href":"https:\/\/emisoracolon.com.ar\/index.php\/wp-json\/wp\/v2\/posts\/7290\/revisions\/7292"}],"wp:featuredmedia":[{"embeddable":true,"href":"https:\/\/emisoracolon.com.ar\/index.php\/wp-json\/wp\/v2\/media\/7291"}],"wp:attachment":[{"href":"https:\/\/emisoracolon.com.ar\/index.php\/wp-json\/wp\/v2\/media?parent=7290"}],"wp:term":[{"taxonomy":"category","embeddable":true,"href":"https:\/\/emisoracolon.com.ar\/index.php\/wp-json\/wp\/v2\/categories?post=7290"},{"taxonomy":"post_tag","embeddable":true,"href":"https:\/\/emisoracolon.com.ar\/index.php\/wp-json\/wp\/v2\/tags?post=7290"}],"curies":[{"name":"wp","href":"https:\/\/api.w.org\/{rel}","templated":true}]}}