{"id":7287,"date":"2025-06-26T16:47:17","date_gmt":"2025-06-26T19:47:17","guid":{"rendered":"https:\/\/emisoracolon.com.ar\/?p=7287"},"modified":"2025-06-26T16:47:17","modified_gmt":"2025-06-26T19:47:17","slug":"bomberos-brindo-capacitacion-en-rcp-a-personal-de-casa-de-las-infancias","status":"publish","type":"post","link":"https:\/\/emisoracolon.com.ar\/index.php\/2025\/06\/26\/bomberos-brindo-capacitacion-en-rcp-a-personal-de-casa-de-las-infancias\/","title":{"rendered":"Bomberos brind\u00f3 capacitaci\u00f3n en RCP a personal de Casa de las Infancias"},"content":{"rendered":"\n<p>El personal de Casa de las Infancias fue recibido por los Bomberos Voluntarios de Col\u00f3n, quienes con gran compromiso y generosidad brindaron una capacitaci\u00f3n en RCP (reanimaci\u00f3n cardiopulmonar). Durante la jornada, se compartieron saberes esenciales para actuar con rapidez y eficacia ante una emergencia, fortaleciendo el cuidado de ni\u00f1as y ni\u00f1os en contextos cotidianos.<\/p>\n\n\n\n<p>Indica la Municipalidad, \u201cDestacamos y agradecemos profundamente este gesto de formaci\u00f3n por parte de los bomberos, y tambi\u00e9n la iniciativa del equipo de Casa de las Infancias por seguir prepar\u00e1ndose y asumiendo con responsabilidad su tarea. Estar listos para actuar puede marcar la diferencia en una situaci\u00f3n grave, y es tambi\u00e9n una forma de cuidar con compromiso y amor\u201d.<\/p>\n","protected":false},"excerpt":{"rendered":"<p>El personal de Casa de las Infancias fue recibido por los Bomberos Voluntarios de Col\u00f3n, quienes con gran compromiso y generosidad brindaron una capacitaci\u00f3n en RCP (reanimaci\u00f3n cardiopulmonar). Durante la jornada, se&#8230;<\/p>\n","protected":false},"author":1,"featured_media":7288,"comment_status":"open","ping_status":"open","sticky":false,"template":"","format":"standard","meta":{"footnotes":""},"categories":[3],"tags":[],"class_list":["post-7287","post","type-post","status-publish","format-standard","has-post-thumbnail","hentry","category-general"],"_links":{"self":[{"href":"https:\/\/emisoracolon.com.ar\/index.php\/wp-json\/wp\/v2\/posts\/7287","targetHints":{"allow":["GET"]}}],"collection":[{"href":"https:\/\/emisoracolon.com.ar\/index.php\/wp-json\/wp\/v2\/posts"}],"about":[{"href":"https:\/\/emisoracolon.com.ar\/index.php\/wp-json\/wp\/v2\/types\/post"}],"author":[{"embeddable":true,"href":"https:\/\/emisoracolon.com.ar\/index.php\/wp-json\/wp\/v2\/users\/1"}],"replies":[{"embeddable":true,"href":"https:\/\/emisoracolon.com.ar\/index.php\/wp-json\/wp\/v2\/comments?post=7287"}],"version-history":[{"count":1,"href":"https:\/\/emisoracolon.com.ar\/index.php\/wp-json\/wp\/v2\/posts\/7287\/revisions"}],"predecessor-version":[{"id":7289,"href":"https:\/\/emisoracolon.com.ar\/index.php\/wp-json\/wp\/v2\/posts\/7287\/revisions\/7289"}],"wp:featuredmedia":[{"embeddable":true,"href":"https:\/\/emisoracolon.com.ar\/index.php\/wp-json\/wp\/v2\/media\/7288"}],"wp:attachment":[{"href":"https:\/\/emisoracolon.com.ar\/index.php\/wp-json\/wp\/v2\/media?parent=7287"}],"wp:term":[{"taxonomy":"category","embeddable":true,"href":"https:\/\/emisoracolon.com.ar\/index.php\/wp-json\/wp\/v2\/categories?post=7287"},{"taxonomy":"post_tag","embeddable":true,"href":"https:\/\/emisoracolon.com.ar\/index.php\/wp-json\/wp\/v2\/tags?post=7287"}],"curies":[{"name":"wp","href":"https:\/\/api.w.org\/{rel}","templated":true}]}}