{"id":7285,"date":"2025-06-26T16:46:00","date_gmt":"2025-06-26T19:46:00","guid":{"rendered":"https:\/\/emisoracolon.com.ar\/?p=7285"},"modified":"2025-06-26T16:46:00","modified_gmt":"2025-06-26T19:46:00","slug":"carlos-traficante-cuestiono-la-justicia-y-hablo-de-proscripcion-contra-cristina-fernandez","status":"publish","type":"post","link":"https:\/\/emisoracolon.com.ar\/index.php\/2025\/06\/26\/carlos-traficante-cuestiono-la-justicia-y-hablo-de-proscripcion-contra-cristina-fernandez\/","title":{"rendered":"Carlos Traficante cuestion\u00f3 la Justicia y habl\u00f3 de \u201cproscripci\u00f3n\u201d contra Cristina Fern\u00e1ndez"},"content":{"rendered":"\n<p>El dirigente Carlos Traficante se refiri\u00f3 a la detenci\u00f3n domiciliaria de la ex presidenta Cristina Fern\u00e1ndez de Kirchner en el marco de la denominada \u201ccausa Vialidad\u201d y manifest\u00f3 su preocupaci\u00f3n por el accionar del Poder Judicial argentino.<\/p>\n\n\n\n<p>\u201cEstamos preocupados por el actuar de la justicia, sobre todo en esta causa que, para nosotros, fue armada con fines electorales\u201d, sostuvo Traficante. \u201cNo lo decimos porque todos seamos de La C\u00e1mpora, kirchneristas, peronistas o del Frente Renovador, ni por fanatismo. Lo decimos porque vemos que la Justicia podr\u00eda haber actuado sobre otras causas, pero eligi\u00f3 esta, justo antes de las elecciones\u201d, subray\u00f3.<\/p>\n\n\n\n<p>El referente pol\u00edtico record\u00f3 que el Juzgado Federal N\u00b09, a cargo del juez Juli\u00e1n Ercolini, se hab\u00eda declarado incompetente en 2011, se\u00f1alando que el caso correspond\u00eda al \u00e1mbito provincial. La causa fue entonces archivada tanto en Comodoro Py como en Santa Cruz, donde en 2015 el juez Giordano resolvi\u00f3 el sobreseimiento por \u201cinexistencia de delito\u201d en las 49 obras investigadas.<\/p>\n\n\n\n<p>\u201cFue reci\u00e9n en 2016 cuando, a partir de una denuncia de Javier Iguacel, colaborador de Mauricio Macri, se reactiv\u00f3 la investigaci\u00f3n. Le sumaron la figura de asociaci\u00f3n il\u00edcita para forzar su paso a la justicia federal\u201d, denunci\u00f3 Traficante. \u201cPero tras miles de escuchas no se pudo probar nada.\u201d<\/p>\n\n\n\n<p>En ese marco, remarc\u00f3 que \u201cnadie puede ser juzgado dos veces por la misma causa\u201d, y mencion\u00f3 que incluso el actual ministro de Justicia, Mariano C\u00faneo Libarona, habr\u00eda reconocido esa irregularidad. Tambi\u00e9n cit\u00f3 a Rodolfo Barra, quien afirm\u00f3 que la Direcci\u00f3n Nacional de Vialidad es aut\u00e1rquica y que el Presidente no tiene facultades para intervenir en sus licitaciones.<\/p>\n\n\n\n<p>Traficante apunt\u00f3, adem\u00e1s, contra el rol de la Corte Suprema. \u201cEl propio Lorenzetti dijo en un medio que iban a resolver el recurso antes de las elecciones, mostrando que el fallo est\u00e1 vinculado al calendario pol\u00edtico. Y rechazaron la recusaci\u00f3n de Cristina, en un caso sin precedentes en el que un juez termina juzg\u00e1ndose a s\u00ed mismo\u201d.<\/p>\n\n\n\n<p>Para concluir, Traficante sostuvo que lo ocurrido \u201cno es un fallo judicial sino una proscripci\u00f3n\u201d, y lament\u00f3 que \u201cla Justicia haya elegido este camino, que deja a toda la sociedad en un estado de preocupaci\u00f3n\u201d.<\/p>\n","protected":false},"excerpt":{"rendered":"<p>El dirigente Carlos Traficante se refiri\u00f3 a la detenci\u00f3n domiciliaria de la ex presidenta Cristina Fern\u00e1ndez de Kirchner en el marco de la denominada \u201ccausa Vialidad\u201d y manifest\u00f3 su preocupaci\u00f3n por el&#8230;<\/p>\n","protected":false},"author":1,"featured_media":3345,"comment_status":"open","ping_status":"open","sticky":false,"template":"","format":"standard","meta":{"footnotes":""},"categories":[3],"tags":[],"class_list":["post-7285","post","type-post","status-publish","format-standard","has-post-thumbnail","hentry","category-general"],"_links":{"self":[{"href":"https:\/\/emisoracolon.com.ar\/index.php\/wp-json\/wp\/v2\/posts\/7285","targetHints":{"allow":["GET"]}}],"collection":[{"href":"https:\/\/emisoracolon.com.ar\/index.php\/wp-json\/wp\/v2\/posts"}],"about":[{"href":"https:\/\/emisoracolon.com.ar\/index.php\/wp-json\/wp\/v2\/types\/post"}],"author":[{"embeddable":true,"href":"https:\/\/emisoracolon.com.ar\/index.php\/wp-json\/wp\/v2\/users\/1"}],"replies":[{"embeddable":true,"href":"https:\/\/emisoracolon.com.ar\/index.php\/wp-json\/wp\/v2\/comments?post=7285"}],"version-history":[{"count":1,"href":"https:\/\/emisoracolon.com.ar\/index.php\/wp-json\/wp\/v2\/posts\/7285\/revisions"}],"predecessor-version":[{"id":7286,"href":"https:\/\/emisoracolon.com.ar\/index.php\/wp-json\/wp\/v2\/posts\/7285\/revisions\/7286"}],"wp:featuredmedia":[{"embeddable":true,"href":"https:\/\/emisoracolon.com.ar\/index.php\/wp-json\/wp\/v2\/media\/3345"}],"wp:attachment":[{"href":"https:\/\/emisoracolon.com.ar\/index.php\/wp-json\/wp\/v2\/media?parent=7285"}],"wp:term":[{"taxonomy":"category","embeddable":true,"href":"https:\/\/emisoracolon.com.ar\/index.php\/wp-json\/wp\/v2\/categories?post=7285"},{"taxonomy":"post_tag","embeddable":true,"href":"https:\/\/emisoracolon.com.ar\/index.php\/wp-json\/wp\/v2\/tags?post=7285"}],"curies":[{"name":"wp","href":"https:\/\/api.w.org\/{rel}","templated":true}]}}