{"id":7282,"date":"2025-06-26T16:44:21","date_gmt":"2025-06-26T19:44:21","guid":{"rendered":"https:\/\/emisoracolon.com.ar\/?p=7282"},"modified":"2025-06-26T16:44:21","modified_gmt":"2025-06-26T19:44:21","slug":"silvio-garbolino-fue-excarcelado-tras-una-semana-detenido","status":"publish","type":"post","link":"https:\/\/emisoracolon.com.ar\/index.php\/2025\/06\/26\/silvio-garbolino-fue-excarcelado-tras-una-semana-detenido\/","title":{"rendered":"Silvio Garbolino fue excarcelado tras una semana detenido"},"content":{"rendered":"\n<p>El ex presidente comunal de Melincu\u00e9 y actual candidato de La Libertad Avanza, Silvio Garbolino, recuper\u00f3 su libertad tras pasar una semana detenido. La decisi\u00f3n fue adoptada por la jueza Lorena Garini, quien le concedi\u00f3 la excarcelaci\u00f3n bajo una fianza personal de 100 mil d\u00f3lares y con el cumplimiento de estrictas reglas de conducta.<\/p>\n\n\n\n<p>La medida se da en el marco de una de las dos causas judiciales que enfrenta el dirigente, acusado de presuntas maniobras defraudatorias durante su desempe\u00f1o como gerente de la mutual AMFAC, con sede en Alcorta y reciente apertura de una sucursal en San Gregorio.<\/p>\n\n\n\n<p>Seg\u00fan confirm\u00f3 su abogado defensor, Joaqu\u00edn Fraga, Garbolino deber\u00e1 cumplir una serie de condiciones para conservar su libertad: fijar domicilio en Melincu\u00e9, presentarse peri\u00f3dicamente en la comisar\u00eda local, no salir de la localidad sin autorizaci\u00f3n judicial y no tener contacto con testigos ni autoridades de la mutual bajo investigaci\u00f3n. Tambi\u00e9n le fue prohibido portar armas y consumir alcohol o estupefacientes.<\/p>\n\n\n\n<p>El expediente contin\u00faa avanzando, mientras la defensa asegura que podr\u00e1 demostrar la inocencia del dirigente libertario en las instancias judiciales que siguen.<\/p>\n","protected":false},"excerpt":{"rendered":"<p>El ex presidente comunal de Melincu\u00e9 y actual candidato de La Libertad Avanza, Silvio Garbolino, recuper\u00f3 su libertad tras pasar una semana detenido. La decisi\u00f3n fue adoptada por la jueza Lorena Garini,&#8230;<\/p>\n","protected":false},"author":1,"featured_media":7283,"comment_status":"open","ping_status":"open","sticky":false,"template":"","format":"standard","meta":{"footnotes":""},"categories":[3],"tags":[],"class_list":["post-7282","post","type-post","status-publish","format-standard","has-post-thumbnail","hentry","category-general"],"_links":{"self":[{"href":"https:\/\/emisoracolon.com.ar\/index.php\/wp-json\/wp\/v2\/posts\/7282","targetHints":{"allow":["GET"]}}],"collection":[{"href":"https:\/\/emisoracolon.com.ar\/index.php\/wp-json\/wp\/v2\/posts"}],"about":[{"href":"https:\/\/emisoracolon.com.ar\/index.php\/wp-json\/wp\/v2\/types\/post"}],"author":[{"embeddable":true,"href":"https:\/\/emisoracolon.com.ar\/index.php\/wp-json\/wp\/v2\/users\/1"}],"replies":[{"embeddable":true,"href":"https:\/\/emisoracolon.com.ar\/index.php\/wp-json\/wp\/v2\/comments?post=7282"}],"version-history":[{"count":1,"href":"https:\/\/emisoracolon.com.ar\/index.php\/wp-json\/wp\/v2\/posts\/7282\/revisions"}],"predecessor-version":[{"id":7284,"href":"https:\/\/emisoracolon.com.ar\/index.php\/wp-json\/wp\/v2\/posts\/7282\/revisions\/7284"}],"wp:featuredmedia":[{"embeddable":true,"href":"https:\/\/emisoracolon.com.ar\/index.php\/wp-json\/wp\/v2\/media\/7283"}],"wp:attachment":[{"href":"https:\/\/emisoracolon.com.ar\/index.php\/wp-json\/wp\/v2\/media?parent=7282"}],"wp:term":[{"taxonomy":"category","embeddable":true,"href":"https:\/\/emisoracolon.com.ar\/index.php\/wp-json\/wp\/v2\/categories?post=7282"},{"taxonomy":"post_tag","embeddable":true,"href":"https:\/\/emisoracolon.com.ar\/index.php\/wp-json\/wp\/v2\/tags?post=7282"}],"curies":[{"name":"wp","href":"https:\/\/api.w.org\/{rel}","templated":true}]}}