{"id":7278,"date":"2025-06-26T16:42:40","date_gmt":"2025-06-26T19:42:40","guid":{"rendered":"https:\/\/emisoracolon.com.ar\/?p=7278"},"modified":"2025-06-26T16:42:40","modified_gmt":"2025-06-26T19:42:40","slug":"corte-de-energia-15","status":"publish","type":"post","link":"https:\/\/emisoracolon.com.ar\/index.php\/2025\/06\/26\/corte-de-energia-15\/","title":{"rendered":"Corte de energ\u00eda"},"content":{"rendered":"\n<p>Est\u00e1 programado un corte de energ\u00eda el\u00e9ctrica para ma\u00f1ana viernes debido a tareas de mantenimiento y mejoras en la red.<\/p>\n\n\n\n<p>Se extender\u00e1 entre las 7:30 a 10:30 y comprender\u00e1s las calles:<\/p>\n\n\n\n<p>* 57 (vereda par) a 58 (vereda impar) y 11 (vereda impar) a 15 (vereda par).<\/p>\n\n\n\n<p>* 58 (vereda par) a 64 y de 12 a 17.<\/p>\n\n\n\n<p>* 64 entre 11 y 14.<\/p>\n\n\n\n<p>\u2800Se realizar\u00e1n trabajos de mantenimiento, reformas en l\u00ednea de baja tensi\u00f3n y vinculaci\u00f3n de extensiones de l\u00ednea a la red.<\/p>\n\n\n\n<p>En caso de lluvia, las tareas ser\u00e1n reprogramadas.<\/p>\n","protected":false},"excerpt":{"rendered":"<p>Est\u00e1 programado un corte de energ\u00eda el\u00e9ctrica para ma\u00f1ana viernes debido a tareas de mantenimiento y mejoras en la red. Se extender\u00e1 entre las 7:30 a 10:30 y comprender\u00e1s las calles: *&#8230;<\/p>\n","protected":false},"author":1,"featured_media":472,"comment_status":"open","ping_status":"open","sticky":false,"template":"","format":"standard","meta":{"footnotes":""},"categories":[3],"tags":[],"class_list":["post-7278","post","type-post","status-publish","format-standard","has-post-thumbnail","hentry","category-general"],"_links":{"self":[{"href":"https:\/\/emisoracolon.com.ar\/index.php\/wp-json\/wp\/v2\/posts\/7278","targetHints":{"allow":["GET"]}}],"collection":[{"href":"https:\/\/emisoracolon.com.ar\/index.php\/wp-json\/wp\/v2\/posts"}],"about":[{"href":"https:\/\/emisoracolon.com.ar\/index.php\/wp-json\/wp\/v2\/types\/post"}],"author":[{"embeddable":true,"href":"https:\/\/emisoracolon.com.ar\/index.php\/wp-json\/wp\/v2\/users\/1"}],"replies":[{"embeddable":true,"href":"https:\/\/emisoracolon.com.ar\/index.php\/wp-json\/wp\/v2\/comments?post=7278"}],"version-history":[{"count":1,"href":"https:\/\/emisoracolon.com.ar\/index.php\/wp-json\/wp\/v2\/posts\/7278\/revisions"}],"predecessor-version":[{"id":7279,"href":"https:\/\/emisoracolon.com.ar\/index.php\/wp-json\/wp\/v2\/posts\/7278\/revisions\/7279"}],"wp:featuredmedia":[{"embeddable":true,"href":"https:\/\/emisoracolon.com.ar\/index.php\/wp-json\/wp\/v2\/media\/472"}],"wp:attachment":[{"href":"https:\/\/emisoracolon.com.ar\/index.php\/wp-json\/wp\/v2\/media?parent=7278"}],"wp:term":[{"taxonomy":"category","embeddable":true,"href":"https:\/\/emisoracolon.com.ar\/index.php\/wp-json\/wp\/v2\/categories?post=7278"},{"taxonomy":"post_tag","embeddable":true,"href":"https:\/\/emisoracolon.com.ar\/index.php\/wp-json\/wp\/v2\/tags?post=7278"}],"curies":[{"name":"wp","href":"https:\/\/api.w.org\/{rel}","templated":true}]}}