{"id":7276,"date":"2025-06-26T16:42:19","date_gmt":"2025-06-26T19:42:19","guid":{"rendered":"https:\/\/emisoracolon.com.ar\/?p=7276"},"modified":"2025-06-26T16:42:19","modified_gmt":"2025-06-26T19:42:19","slug":"conversatorio-urgente-para-la-accion-politica-en-colon","status":"publish","type":"post","link":"https:\/\/emisoracolon.com.ar\/index.php\/2025\/06\/26\/conversatorio-urgente-para-la-accion-politica-en-colon\/","title":{"rendered":"Conversatorio urgente para la acci\u00f3n pol\u00edtica en Col\u00f3n"},"content":{"rendered":"\n<p>Bajo la consigna &#8220;Cristina Viva y Libre. Organizar, imaginar y transformar el presente&#8221;, se convoca a un &#8220;Conversatorio urgente para la acci\u00f3n pol\u00edtica&#8221; este viernes 27 de junio. El evento contar\u00e1 con la presencia de dos dirigentes del campo nacional y popular: la diputada nacional M\u00f3nica Macha y la senadora provincial Laura Clark.<\/p>\n\n\n\n<p>El encuentro abierto a toda la comunidad que se realizar\u00e1 a las 16 horas en la sede de Uni\u00f3n por la Patria (calle 49 entre 18 y 19), surge como un espacio de reflexi\u00f3n y movilizaci\u00f3n en un contexto pol\u00edtico marcado por la situaci\u00f3n judicial de la expresidenta y vicepresidenta Cristina Fern\u00e1ndez de Kirchner.<\/p>\n\n\n\n<p>El t\u00edtulo del conversatorio \u2013 &#8220;Organizar, imaginar y transformar el presente&#8221; \u2013 se plantea como una instancia para articular respuestas colectivas frente al actual escenario de crueldad, deshumanizaci\u00f3n y desigualdad econ\u00f3mica.<\/p>\n\n\n\n<p>La presencia de Macha, reconocida referente nacional con fuerte v\u00ednculo con los movimientos feministas y sociales, y de Clark, de soslayada militancia, incluso, en nuestra regi\u00f3n.<\/p>\n","protected":false},"excerpt":{"rendered":"<p>Bajo la consigna &#8220;Cristina Viva y Libre. Organizar, imaginar y transformar el presente&#8221;, se convoca a un &#8220;Conversatorio urgente para la acci\u00f3n pol\u00edtica&#8221; este viernes 27 de junio. El evento contar\u00e1 con&#8230;<\/p>\n","protected":false},"author":1,"featured_media":7203,"comment_status":"open","ping_status":"open","sticky":false,"template":"","format":"standard","meta":{"footnotes":""},"categories":[3],"tags":[],"class_list":["post-7276","post","type-post","status-publish","format-standard","has-post-thumbnail","hentry","category-general"],"_links":{"self":[{"href":"https:\/\/emisoracolon.com.ar\/index.php\/wp-json\/wp\/v2\/posts\/7276","targetHints":{"allow":["GET"]}}],"collection":[{"href":"https:\/\/emisoracolon.com.ar\/index.php\/wp-json\/wp\/v2\/posts"}],"about":[{"href":"https:\/\/emisoracolon.com.ar\/index.php\/wp-json\/wp\/v2\/types\/post"}],"author":[{"embeddable":true,"href":"https:\/\/emisoracolon.com.ar\/index.php\/wp-json\/wp\/v2\/users\/1"}],"replies":[{"embeddable":true,"href":"https:\/\/emisoracolon.com.ar\/index.php\/wp-json\/wp\/v2\/comments?post=7276"}],"version-history":[{"count":1,"href":"https:\/\/emisoracolon.com.ar\/index.php\/wp-json\/wp\/v2\/posts\/7276\/revisions"}],"predecessor-version":[{"id":7277,"href":"https:\/\/emisoracolon.com.ar\/index.php\/wp-json\/wp\/v2\/posts\/7276\/revisions\/7277"}],"wp:featuredmedia":[{"embeddable":true,"href":"https:\/\/emisoracolon.com.ar\/index.php\/wp-json\/wp\/v2\/media\/7203"}],"wp:attachment":[{"href":"https:\/\/emisoracolon.com.ar\/index.php\/wp-json\/wp\/v2\/media?parent=7276"}],"wp:term":[{"taxonomy":"category","embeddable":true,"href":"https:\/\/emisoracolon.com.ar\/index.php\/wp-json\/wp\/v2\/categories?post=7276"},{"taxonomy":"post_tag","embeddable":true,"href":"https:\/\/emisoracolon.com.ar\/index.php\/wp-json\/wp\/v2\/tags?post=7276"}],"curies":[{"name":"wp","href":"https:\/\/api.w.org\/{rel}","templated":true}]}}