{"id":7271,"date":"2025-06-25T17:42:42","date_gmt":"2025-06-25T20:42:42","guid":{"rendered":"https:\/\/emisoracolon.com.ar\/?p=7271"},"modified":"2025-06-25T17:42:42","modified_gmt":"2025-06-25T20:42:42","slug":"promueven-habitos-saludables-desde-el-aula","status":"publish","type":"post","link":"https:\/\/emisoracolon.com.ar\/index.php\/2025\/06\/25\/promueven-habitos-saludables-desde-el-aula\/","title":{"rendered":"Promueven h\u00e1bitos saludables desde el aula"},"content":{"rendered":"\n<p>La Municipalidad de Col\u00f3n inform\u00f3 que la Direcci\u00f3n de Salud Comunitaria contin\u00faa su recorrida por establecimientos educativos del distrito con el objetivo de promover el cuidado del cuerpo y h\u00e1bitos de vida saludables.<\/p>\n\n\n\n<p>En esta oportunidad, las actividades se realizaron en la Escuela Primaria N\u00b01 y en el Jard\u00edn de Infantes N\u00b0909, donde los equipos de salud trabajaron la higiene corporal y bucal con los m\u00e1s peque\u00f1os, mientras que en el nivel primario se abordaron temas relacionados con el reconocimiento del cuerpo. En las escuelas secundarias, las charlas est\u00e1n enfocadas en salud sexual y prevenci\u00f3n.<\/p>\n\n\n\n<p>Desde el \u00e1rea destacaron que estos encuentros se desarrollan con informaci\u00f3n clara, respetuosa y adecuada a cada etapa educativa, fortaleciendo as\u00ed los v\u00ednculos entre salud, educaci\u00f3n y comunidad. \u201cSeguimos construyendo bienestar desde la prevenci\u00f3n y la cercan\u00eda\u201d, expresaron desde la Direcci\u00f3n.<\/p>\n","protected":false},"excerpt":{"rendered":"<p>La Municipalidad de Col\u00f3n inform\u00f3 que la Direcci\u00f3n de Salud Comunitaria contin\u00faa su recorrida por establecimientos educativos del distrito con el objetivo de promover el cuidado del cuerpo y h\u00e1bitos de vida&#8230;<\/p>\n","protected":false},"author":1,"featured_media":7252,"comment_status":"open","ping_status":"open","sticky":false,"template":"","format":"standard","meta":{"footnotes":""},"categories":[7,3],"tags":[],"class_list":["post-7271","post","type-post","status-publish","format-standard","has-post-thumbnail","hentry","category-cultura","category-general"],"_links":{"self":[{"href":"https:\/\/emisoracolon.com.ar\/index.php\/wp-json\/wp\/v2\/posts\/7271","targetHints":{"allow":["GET"]}}],"collection":[{"href":"https:\/\/emisoracolon.com.ar\/index.php\/wp-json\/wp\/v2\/posts"}],"about":[{"href":"https:\/\/emisoracolon.com.ar\/index.php\/wp-json\/wp\/v2\/types\/post"}],"author":[{"embeddable":true,"href":"https:\/\/emisoracolon.com.ar\/index.php\/wp-json\/wp\/v2\/users\/1"}],"replies":[{"embeddable":true,"href":"https:\/\/emisoracolon.com.ar\/index.php\/wp-json\/wp\/v2\/comments?post=7271"}],"version-history":[{"count":1,"href":"https:\/\/emisoracolon.com.ar\/index.php\/wp-json\/wp\/v2\/posts\/7271\/revisions"}],"predecessor-version":[{"id":7272,"href":"https:\/\/emisoracolon.com.ar\/index.php\/wp-json\/wp\/v2\/posts\/7271\/revisions\/7272"}],"wp:featuredmedia":[{"embeddable":true,"href":"https:\/\/emisoracolon.com.ar\/index.php\/wp-json\/wp\/v2\/media\/7252"}],"wp:attachment":[{"href":"https:\/\/emisoracolon.com.ar\/index.php\/wp-json\/wp\/v2\/media?parent=7271"}],"wp:term":[{"taxonomy":"category","embeddable":true,"href":"https:\/\/emisoracolon.com.ar\/index.php\/wp-json\/wp\/v2\/categories?post=7271"},{"taxonomy":"post_tag","embeddable":true,"href":"https:\/\/emisoracolon.com.ar\/index.php\/wp-json\/wp\/v2\/tags?post=7271"}],"curies":[{"name":"wp","href":"https:\/\/api.w.org\/{rel}","templated":true}]}}