{"id":7266,"date":"2025-06-25T17:41:44","date_gmt":"2025-06-25T20:41:44","guid":{"rendered":"https:\/\/emisoracolon.com.ar\/?p=7266"},"modified":"2025-06-25T17:41:44","modified_gmt":"2025-06-25T20:41:44","slug":"inscripciones-abiertas-para-el-curso-de-manipulacion-de-alimentos-2025","status":"publish","type":"post","link":"https:\/\/emisoracolon.com.ar\/index.php\/2025\/06\/25\/inscripciones-abiertas-para-el-curso-de-manipulacion-de-alimentos-2025\/","title":{"rendered":"Inscripciones abiertas para el Curso de Manipulaci\u00f3n de Alimentos 2025"},"content":{"rendered":"\n<p>La Direcci\u00f3n de Bromatolog\u00eda informa que ya est\u00e1n abiertas las inscripciones para el Curso de Manipulaci\u00f3n de Alimentos 2025, que se dictar\u00e1 en el Polo Cultural los d\u00edas martes 22 y jueves 24 de julio, en el horario de 8:30 a 12:00.<\/p>\n\n\n\n<p>La capacitaci\u00f3n tiene una duraci\u00f3n de dos jornadas y la asistencia es obligatoria ambos d\u00edas. Seg\u00fan lo establece el C\u00f3digo Alimentario Argentino, contar con el carnet habilitante es obligatorio para todas las personas que trabajen con alimentos, tales como carniceros, panaderos, emprendedores gastron\u00f3micos, transportistas, personal de supermercados y despensas, entre otros.<\/p>\n\n\n\n<p>Quienes deseen participar pueden inscribirse a trav\u00e9s del siguiente formulario de Google:<\/p>\n\n\n\n<figure class=\"wp-block-embed\"><div class=\"wp-block-embed__wrapper\">\nhttps:\/\/forms.gle\/d2o22re5D7XEHEfY6\n<\/div><\/figure>\n\n\n\n<p>(Disponible tambi\u00e9n en la \u00faltima Historia Destacada del \u00e1rea de Bromatolog\u00eda en redes sociales).<\/p>\n\n\n\n<p>Fecha l\u00edmite de inscripci\u00f3n: lunes 21 de julio. Se recomienda llevar anotador.<\/p>\n\n\n\n<p>Por consultas, acercarse a la Oficina de Bromatolog\u00eda, ubicada en calle 42 y 23.<\/p>\n","protected":false},"excerpt":{"rendered":"<p>La Direcci\u00f3n de Bromatolog\u00eda informa que ya est\u00e1n abiertas las inscripciones para el Curso de Manipulaci\u00f3n de Alimentos 2025, que se dictar\u00e1 en el Polo Cultural los d\u00edas martes 22 y jueves&#8230;<\/p>\n","protected":false},"author":1,"featured_media":7267,"comment_status":"open","ping_status":"open","sticky":false,"template":"","format":"standard","meta":{"footnotes":""},"categories":[3],"tags":[],"class_list":["post-7266","post","type-post","status-publish","format-standard","has-post-thumbnail","hentry","category-general"],"_links":{"self":[{"href":"https:\/\/emisoracolon.com.ar\/index.php\/wp-json\/wp\/v2\/posts\/7266","targetHints":{"allow":["GET"]}}],"collection":[{"href":"https:\/\/emisoracolon.com.ar\/index.php\/wp-json\/wp\/v2\/posts"}],"about":[{"href":"https:\/\/emisoracolon.com.ar\/index.php\/wp-json\/wp\/v2\/types\/post"}],"author":[{"embeddable":true,"href":"https:\/\/emisoracolon.com.ar\/index.php\/wp-json\/wp\/v2\/users\/1"}],"replies":[{"embeddable":true,"href":"https:\/\/emisoracolon.com.ar\/index.php\/wp-json\/wp\/v2\/comments?post=7266"}],"version-history":[{"count":1,"href":"https:\/\/emisoracolon.com.ar\/index.php\/wp-json\/wp\/v2\/posts\/7266\/revisions"}],"predecessor-version":[{"id":7268,"href":"https:\/\/emisoracolon.com.ar\/index.php\/wp-json\/wp\/v2\/posts\/7266\/revisions\/7268"}],"wp:featuredmedia":[{"embeddable":true,"href":"https:\/\/emisoracolon.com.ar\/index.php\/wp-json\/wp\/v2\/media\/7267"}],"wp:attachment":[{"href":"https:\/\/emisoracolon.com.ar\/index.php\/wp-json\/wp\/v2\/media?parent=7266"}],"wp:term":[{"taxonomy":"category","embeddable":true,"href":"https:\/\/emisoracolon.com.ar\/index.php\/wp-json\/wp\/v2\/categories?post=7266"},{"taxonomy":"post_tag","embeddable":true,"href":"https:\/\/emisoracolon.com.ar\/index.php\/wp-json\/wp\/v2\/tags?post=7266"}],"curies":[{"name":"wp","href":"https:\/\/api.w.org\/{rel}","templated":true}]}}