{"id":7263,"date":"2025-06-25T17:40:32","date_gmt":"2025-06-25T20:40:32","guid":{"rendered":"https:\/\/emisoracolon.com.ar\/?p=7263"},"modified":"2025-06-25T17:40:32","modified_gmt":"2025-06-25T20:40:32","slug":"compromiso-ambiental-en-colon","status":"publish","type":"post","link":"https:\/\/emisoracolon.com.ar\/index.php\/2025\/06\/25\/compromiso-ambiental-en-colon\/","title":{"rendered":"Compromiso Ambiental en Col\u00f3n"},"content":{"rendered":"\n<p>Ayer, en la Escuela T\u00e9cnica, se vivi\u00f3 una jornada especial junto a alumnos de primer a\u00f1o de todos los secundarios de nuestra ciudad, donde un centenar de estudiantes participaron del Compromiso Ambiental. La propuesta, impulsada por el Ministerio de Ambiente de la Provincia, busca sembrar respeto, solidaridad y amor por nuestra casa com\u00fan desde las infancias, construyendo un presente y un futuro con conciencia ambiental.<\/p>\n\n\n\n<p>Desde la provincia, en forma articulada con los municipios a trav\u00e9s de las \u00e1reas de Educaci\u00f3n y de Ambiente, se promueve una educaci\u00f3n ambiental transversal, articulada con todas las \u00e1reas del gobierno, con el objetivo de transformar pr\u00e1cticas cotidianas, cuidar el entorno y garantizar el buen vivir.<\/p>\n","protected":false},"excerpt":{"rendered":"<p>Ayer, en la Escuela T\u00e9cnica, se vivi\u00f3 una jornada especial junto a alumnos de primer a\u00f1o de todos los secundarios de nuestra ciudad, donde un centenar de estudiantes participaron del Compromiso Ambiental&#8230;.<\/p>\n","protected":false},"author":1,"featured_media":7264,"comment_status":"open","ping_status":"open","sticky":false,"template":"","format":"standard","meta":{"footnotes":""},"categories":[7,3],"tags":[],"class_list":["post-7263","post","type-post","status-publish","format-standard","has-post-thumbnail","hentry","category-cultura","category-general"],"_links":{"self":[{"href":"https:\/\/emisoracolon.com.ar\/index.php\/wp-json\/wp\/v2\/posts\/7263","targetHints":{"allow":["GET"]}}],"collection":[{"href":"https:\/\/emisoracolon.com.ar\/index.php\/wp-json\/wp\/v2\/posts"}],"about":[{"href":"https:\/\/emisoracolon.com.ar\/index.php\/wp-json\/wp\/v2\/types\/post"}],"author":[{"embeddable":true,"href":"https:\/\/emisoracolon.com.ar\/index.php\/wp-json\/wp\/v2\/users\/1"}],"replies":[{"embeddable":true,"href":"https:\/\/emisoracolon.com.ar\/index.php\/wp-json\/wp\/v2\/comments?post=7263"}],"version-history":[{"count":1,"href":"https:\/\/emisoracolon.com.ar\/index.php\/wp-json\/wp\/v2\/posts\/7263\/revisions"}],"predecessor-version":[{"id":7265,"href":"https:\/\/emisoracolon.com.ar\/index.php\/wp-json\/wp\/v2\/posts\/7263\/revisions\/7265"}],"wp:featuredmedia":[{"embeddable":true,"href":"https:\/\/emisoracolon.com.ar\/index.php\/wp-json\/wp\/v2\/media\/7264"}],"wp:attachment":[{"href":"https:\/\/emisoracolon.com.ar\/index.php\/wp-json\/wp\/v2\/media?parent=7263"}],"wp:term":[{"taxonomy":"category","embeddable":true,"href":"https:\/\/emisoracolon.com.ar\/index.php\/wp-json\/wp\/v2\/categories?post=7263"},{"taxonomy":"post_tag","embeddable":true,"href":"https:\/\/emisoracolon.com.ar\/index.php\/wp-json\/wp\/v2\/tags?post=7263"}],"curies":[{"name":"wp","href":"https:\/\/api.w.org\/{rel}","templated":true}]}}