{"id":7259,"date":"2025-06-25T17:38:54","date_gmt":"2025-06-25T20:38:54","guid":{"rendered":"https:\/\/emisoracolon.com.ar\/?p=7259"},"modified":"2025-06-25T17:38:54","modified_gmt":"2025-06-25T20:38:54","slug":"programa-futuro-memoria-en-colon","status":"publish","type":"post","link":"https:\/\/emisoracolon.com.ar\/index.php\/2025\/06\/25\/programa-futuro-memoria-en-colon\/","title":{"rendered":"Programa futuro memoria en Col\u00f3n"},"content":{"rendered":"\n<p>Los estudiantes de 5\u00b0 a\u00f1o de la Escuela T\u00e9cnica, orientaci\u00f3n Inform\u00e1tica, participan del programa provincial Futuro Memoria con un proyecto que une reflexi\u00f3n hist\u00f3rica, compromiso social y conocimiento t\u00e9cnico. Desde el \u00e1rea de Historia investigaron la participaci\u00f3n juvenil durante la \u00faltima dictadura militar, recuperando testimonios de abuelos y abuelas que enriquecieron el trabajo.<\/p>\n\n\n\n<p>Como resultado, y en articulaci\u00f3n con materias de su especialidad, reutilizaron residuos tecnol\u00f3gicos y armaron una PC que donaron al Hogar Carlos Steeb. El proyecto, que articula un eje te\u00f3rico y otro tecnol\u00f3gico-solidario, se llama \u201cConectando derechos\u201d y destaca el valor de la memoria, la solidaridad y el derecho a la informaci\u00f3n como pilares para construir una sociedad m\u00e1s justa.<\/p>\n","protected":false},"excerpt":{"rendered":"<p>Los estudiantes de 5\u00b0 a\u00f1o de la Escuela T\u00e9cnica, orientaci\u00f3n Inform\u00e1tica, participan del programa provincial Futuro Memoria con un proyecto que une reflexi\u00f3n hist\u00f3rica, compromiso social y conocimiento t\u00e9cnico. Desde el \u00e1rea&#8230;<\/p>\n","protected":false},"author":1,"featured_media":7253,"comment_status":"open","ping_status":"open","sticky":false,"template":"","format":"standard","meta":{"footnotes":""},"categories":[3],"tags":[],"class_list":["post-7259","post","type-post","status-publish","format-standard","has-post-thumbnail","hentry","category-general"],"_links":{"self":[{"href":"https:\/\/emisoracolon.com.ar\/index.php\/wp-json\/wp\/v2\/posts\/7259","targetHints":{"allow":["GET"]}}],"collection":[{"href":"https:\/\/emisoracolon.com.ar\/index.php\/wp-json\/wp\/v2\/posts"}],"about":[{"href":"https:\/\/emisoracolon.com.ar\/index.php\/wp-json\/wp\/v2\/types\/post"}],"author":[{"embeddable":true,"href":"https:\/\/emisoracolon.com.ar\/index.php\/wp-json\/wp\/v2\/users\/1"}],"replies":[{"embeddable":true,"href":"https:\/\/emisoracolon.com.ar\/index.php\/wp-json\/wp\/v2\/comments?post=7259"}],"version-history":[{"count":1,"href":"https:\/\/emisoracolon.com.ar\/index.php\/wp-json\/wp\/v2\/posts\/7259\/revisions"}],"predecessor-version":[{"id":7260,"href":"https:\/\/emisoracolon.com.ar\/index.php\/wp-json\/wp\/v2\/posts\/7259\/revisions\/7260"}],"wp:featuredmedia":[{"embeddable":true,"href":"https:\/\/emisoracolon.com.ar\/index.php\/wp-json\/wp\/v2\/media\/7253"}],"wp:attachment":[{"href":"https:\/\/emisoracolon.com.ar\/index.php\/wp-json\/wp\/v2\/media?parent=7259"}],"wp:term":[{"taxonomy":"category","embeddable":true,"href":"https:\/\/emisoracolon.com.ar\/index.php\/wp-json\/wp\/v2\/categories?post=7259"},{"taxonomy":"post_tag","embeddable":true,"href":"https:\/\/emisoracolon.com.ar\/index.php\/wp-json\/wp\/v2\/tags?post=7259"}],"curies":[{"name":"wp","href":"https:\/\/api.w.org\/{rel}","templated":true}]}}