{"id":7257,"date":"2025-06-25T17:38:35","date_gmt":"2025-06-25T20:38:35","guid":{"rendered":"https:\/\/emisoracolon.com.ar\/?p=7257"},"modified":"2025-06-25T17:38:35","modified_gmt":"2025-06-25T20:38:35","slug":"incendio-de-pastizales-en-el-terraplen-del-ferrocarril","status":"publish","type":"post","link":"https:\/\/emisoracolon.com.ar\/index.php\/2025\/06\/25\/incendio-de-pastizales-en-el-terraplen-del-ferrocarril\/","title":{"rendered":"Incendio de pastizales en el terrapl\u00e9n del ferrocarril"},"content":{"rendered":"\n<p>Poco despu\u00e9s del mediod\u00eda de este martes, los Bomberos Voluntarios fueron convocados a intervenir en un incendio de pastizales que se desat\u00f3 en el terrapl\u00e9n de las v\u00edas del ferrocarril, a la altura de las calles 56 y 57.<\/p>\n\n\n\n<p>El foco \u00edgneo se habr\u00eda originado en la quema de basura, que no fue debidamente controlada. A ra\u00edz del viento, las llamas se propagaron r\u00e1pidamente hacia los pastizales cercanos, generando una columna de humo visible desde varios sectores de la ciudad.<\/p>\n\n\n\n<p>El siniestro fue controlado alrededor de las 13:30, tras el accionar del cuerpo de bomberos, que logr\u00f3 extinguir el fuego sin que se reportaran mayores da\u00f1os ni riesgos para viviendas cercanas.<\/p>\n","protected":false},"excerpt":{"rendered":"<p>Poco despu\u00e9s del mediod\u00eda de este martes, los Bomberos Voluntarios fueron convocados a intervenir en un incendio de pastizales que se desat\u00f3 en el terrapl\u00e9n de las v\u00edas del ferrocarril, a la&#8230;<\/p>\n","protected":false},"author":1,"featured_media":2026,"comment_status":"open","ping_status":"open","sticky":false,"template":"","format":"standard","meta":{"footnotes":""},"categories":[3],"tags":[],"class_list":["post-7257","post","type-post","status-publish","format-standard","has-post-thumbnail","hentry","category-general"],"_links":{"self":[{"href":"https:\/\/emisoracolon.com.ar\/index.php\/wp-json\/wp\/v2\/posts\/7257","targetHints":{"allow":["GET"]}}],"collection":[{"href":"https:\/\/emisoracolon.com.ar\/index.php\/wp-json\/wp\/v2\/posts"}],"about":[{"href":"https:\/\/emisoracolon.com.ar\/index.php\/wp-json\/wp\/v2\/types\/post"}],"author":[{"embeddable":true,"href":"https:\/\/emisoracolon.com.ar\/index.php\/wp-json\/wp\/v2\/users\/1"}],"replies":[{"embeddable":true,"href":"https:\/\/emisoracolon.com.ar\/index.php\/wp-json\/wp\/v2\/comments?post=7257"}],"version-history":[{"count":1,"href":"https:\/\/emisoracolon.com.ar\/index.php\/wp-json\/wp\/v2\/posts\/7257\/revisions"}],"predecessor-version":[{"id":7258,"href":"https:\/\/emisoracolon.com.ar\/index.php\/wp-json\/wp\/v2\/posts\/7257\/revisions\/7258"}],"wp:featuredmedia":[{"embeddable":true,"href":"https:\/\/emisoracolon.com.ar\/index.php\/wp-json\/wp\/v2\/media\/2026"}],"wp:attachment":[{"href":"https:\/\/emisoracolon.com.ar\/index.php\/wp-json\/wp\/v2\/media?parent=7257"}],"wp:term":[{"taxonomy":"category","embeddable":true,"href":"https:\/\/emisoracolon.com.ar\/index.php\/wp-json\/wp\/v2\/categories?post=7257"},{"taxonomy":"post_tag","embeddable":true,"href":"https:\/\/emisoracolon.com.ar\/index.php\/wp-json\/wp\/v2\/tags?post=7257"}],"curies":[{"name":"wp","href":"https:\/\/api.w.org\/{rel}","templated":true}]}}