{"id":7255,"date":"2025-06-25T17:38:07","date_gmt":"2025-06-25T20:38:07","guid":{"rendered":"https:\/\/emisoracolon.com.ar\/?p=7255"},"modified":"2025-06-25T17:43:06","modified_gmt":"2025-06-25T20:43:06","slug":"choque-entre-camiones-en-ruta-50-y-vias-del-ferrocarril","status":"publish","type":"post","link":"https:\/\/emisoracolon.com.ar\/index.php\/2025\/06\/25\/choque-entre-camiones-en-ruta-50-y-vias-del-ferrocarril\/","title":{"rendered":"Choque entre camiones en Ruta 50 y v\u00edas del ferrocarril"},"content":{"rendered":"\n<p>Pocos minutos despu\u00e9s de las 21:00 de este martes, se produjo un choque entre dos camiones en el cruce de la Ruta Provincial 50 y las v\u00edas del ferrocarril, un sector ya conocido por las dificultades que presenta el desnivel del paso ferroviario.<\/p>\n\n\n\n<p>Seg\u00fan los primeros datos, uno de los veh\u00edculos \u2014que circulaba en sentido hacia nuestra ciudad\u2014 habr\u00eda disminuido la velocidad o frenado por completo al llegar al cruce, a ra\u00edz del desnivel existente en ese punto. El segundo cami\u00f3n, que transitaba detr\u00e1s, no logr\u00f3 advertir a tiempo la maniobra y termin\u00f3 impactando contra la parte trasera del primero, desplaz\u00e1ndolo fuera de la cinta asf\u00e1ltica. El cami\u00f3n embistente termin\u00f3 su recorrido varios metros m\u00e1s adelante.<\/p>\n\n\n\n<p>Al lugar acudieron ambulancias del Hospital local y efectivos de Bomberos Voluntarios, quienes constataron que no se registraron lesiones de gravedad ni situaciones de riesgo con los veh\u00edculos involucrados. El tr\u00e1nsito por la ruta no present\u00f3 mayores inconvenientes tras el siniestro.<\/p>\n\n\n\n<hr class=\"wp-block-separator has-alpha-channel-opacity\"\/>\n\n\n\n<p><strong>Robo en el Auto Moto Club: Un detenido<\/strong><\/p>\n\n\n\n<p>Miembros del Auto Moto Club local denunciaron en redes sociales haber sido v\u00edctimas de un robo en sus instalaciones ubicadas junto a la ruta. El hecho ocurri\u00f3 en la cantina del predio, y los responsables ya alertaron a los vecinos sobre los elementos sustra\u00eddos, que podr\u00edan ser ofrecidos para su venta.<\/p>\n\n\n\n<p>Seg\u00fan informaron, los delincuentes habr\u00edan ingresado por la chimenea del edificio tras romper una protecci\u00f3n de hierro. Una vez dentro, se llevaron una motoguada\u00f1a, un soplador, dos tubos, una garrafa, una bater\u00eda y varios metros de cable.<\/p>\n\n\n\n<p>Las dimensiones de la chimenea hacen suponer que quien ingres\u00f3 primero era una persona de contextura f\u00edsica peque\u00f1a, y que, una vez dentro, habr\u00eda abierto una ventana asegurada con mariposas interiores para facilitar el ingreso de otros c\u00f3mplices y retirar los objetos robados.<\/p>\n\n\n\n<p>Desde la instituci\u00f3n piden colaboraci\u00f3n a la comunidad y solicitan denunciar cualquier intento de venta sospechosa de los elementos mencionados.<\/p>\n\n\n\n<p>Un detenido<\/p>\n\n\n\n<p>Ayer por la tarde la polic\u00eda identific\u00f3 a dos j\u00f3venes trasladando elementos en las inmediaciones del Lago. Cuando se acerc\u00f3 para determinar si podr\u00edan tener vinculaci\u00f3n con el hecho descartaron la carga. Persiguieron a uno de ellos que termin\u00f3 aprehendido y trasladado a la Comisar\u00eda, el restante pudo huir aunque estar\u00eda identificado. Recuperaron elementos robados.<\/p>\n","protected":false},"excerpt":{"rendered":"<p>Pocos minutos despu\u00e9s de las 21:00 de este martes, se produjo un choque entre dos camiones en el cruce de la Ruta Provincial 50 y las v\u00edas del ferrocarril, un sector ya&#8230;<\/p>\n","protected":false},"author":1,"featured_media":3974,"comment_status":"open","ping_status":"open","sticky":false,"template":"","format":"standard","meta":{"footnotes":""},"categories":[3],"tags":[],"class_list":["post-7255","post","type-post","status-publish","format-standard","has-post-thumbnail","hentry","category-general"],"_links":{"self":[{"href":"https:\/\/emisoracolon.com.ar\/index.php\/wp-json\/wp\/v2\/posts\/7255","targetHints":{"allow":["GET"]}}],"collection":[{"href":"https:\/\/emisoracolon.com.ar\/index.php\/wp-json\/wp\/v2\/posts"}],"about":[{"href":"https:\/\/emisoracolon.com.ar\/index.php\/wp-json\/wp\/v2\/types\/post"}],"author":[{"embeddable":true,"href":"https:\/\/emisoracolon.com.ar\/index.php\/wp-json\/wp\/v2\/users\/1"}],"replies":[{"embeddable":true,"href":"https:\/\/emisoracolon.com.ar\/index.php\/wp-json\/wp\/v2\/comments?post=7255"}],"version-history":[{"count":2,"href":"https:\/\/emisoracolon.com.ar\/index.php\/wp-json\/wp\/v2\/posts\/7255\/revisions"}],"predecessor-version":[{"id":7273,"href":"https:\/\/emisoracolon.com.ar\/index.php\/wp-json\/wp\/v2\/posts\/7255\/revisions\/7273"}],"wp:featuredmedia":[{"embeddable":true,"href":"https:\/\/emisoracolon.com.ar\/index.php\/wp-json\/wp\/v2\/media\/3974"}],"wp:attachment":[{"href":"https:\/\/emisoracolon.com.ar\/index.php\/wp-json\/wp\/v2\/media?parent=7255"}],"wp:term":[{"taxonomy":"category","embeddable":true,"href":"https:\/\/emisoracolon.com.ar\/index.php\/wp-json\/wp\/v2\/categories?post=7255"},{"taxonomy":"post_tag","embeddable":true,"href":"https:\/\/emisoracolon.com.ar\/index.php\/wp-json\/wp\/v2\/tags?post=7255"}],"curies":[{"name":"wp","href":"https:\/\/api.w.org\/{rel}","templated":true}]}}