{"id":7250,"date":"2025-06-25T17:37:42","date_gmt":"2025-06-25T20:37:42","guid":{"rendered":"https:\/\/emisoracolon.com.ar\/?p=7250"},"modified":"2025-06-25T17:37:42","modified_gmt":"2025-06-25T20:37:42","slug":"los-sospechosos-siguen-profugos","status":"publish","type":"post","link":"https:\/\/emisoracolon.com.ar\/index.php\/2025\/06\/25\/los-sospechosos-siguen-profugos\/","title":{"rendered":"Los sospechosos siguen pr\u00f3fugos"},"content":{"rendered":"\n<p>Hay orden de detenci\u00f3n para al menos tres de los involucrados, y la Justicia estar\u00eda buscando a un cuarto sospechoso. Seg\u00fan lo que se sabe, y tras la intervenci\u00f3n de la Fiscal\u00eda de Col\u00f3n, en la madrugada del pasado 15 de junio, un grupo atac\u00f3 brutalmente a Guido Ruiz, de 17 a\u00f1os, a la salida del boliche \u201cPorte\u00f1o\u201d (calle 16 entre 47 y 48). El adolescente sufri\u00f3 fracturas en nariz, mand\u00edbula, p\u00e9rdida de dientes, traumatismo ocular y m\u00faltiples contusiones, por lo que permaneci\u00f3 hospitalizado en estado delicado<\/p>\n\n\n\n<p>V\u00eddeos de c\u00e1maras muestran claramente a tres agresores golpeando a Guido una y otra vez, como lo describi\u00f3 su hermana Guadalupe en una entrevista con Emisora Col\u00f3n: \u201cLo agarraron entre cuatro. Ten\u00edan todo preparado. En el video se ve que le patean la cabeza como si fuera un animal\u201d<\/p>\n\n\n\n<p>La fiscal Magdalena Brandt imput\u00f3 penalmente a los tres j\u00f3venes identificados y pidi\u00f3 al juez Solazzi que librara las \u00f3rdenes de detenci\u00f3n pertinentes por intento de homicidio. El juez C\u00e9sar Solazzi aval\u00f3 el pedido, y ya se libraron \u00f3rdenes de captura para estos tres imputados. Adem\u00e1s, se vincula a un cuarto sospechoso, todav\u00eda en fuga y no captado por las c\u00e1maras.<\/p>\n\n\n\n<p>La familia y la comunidad de Col\u00f3n exigen una respuesta r\u00e1pida frente a lo que consideran una agresi\u00f3n deliberada y con intenci\u00f3n letal .<\/p>\n\n\n\n<p><strong>Proceso judicial hasta el momento<\/strong><\/p>\n\n\n\n<p>La Fiscal\u00eda solicit\u00f3 formalmente las detenciones \u2014el juez entendi\u00f3 que hay indicios suficientes\u2014 y se est\u00e1n haciendo allanamientos para encontrar a los acusados .<\/p>\n\n\n\n<p>Hasta ahora, no se reportan capturas, pues los sospechosos est\u00e1n pr\u00f3fugos, y las medidas siguen activas.<\/p>\n","protected":false},"excerpt":{"rendered":"<p>Hay orden de detenci\u00f3n para al menos tres de los involucrados, y la Justicia estar\u00eda buscando a un cuarto sospechoso. Seg\u00fan lo que se sabe, y tras la intervenci\u00f3n de la Fiscal\u00eda&#8230;<\/p>\n","protected":false},"author":1,"featured_media":4971,"comment_status":"open","ping_status":"open","sticky":false,"template":"","format":"standard","meta":{"footnotes":""},"categories":[3],"tags":[],"class_list":["post-7250","post","type-post","status-publish","format-standard","has-post-thumbnail","hentry","category-general"],"_links":{"self":[{"href":"https:\/\/emisoracolon.com.ar\/index.php\/wp-json\/wp\/v2\/posts\/7250","targetHints":{"allow":["GET"]}}],"collection":[{"href":"https:\/\/emisoracolon.com.ar\/index.php\/wp-json\/wp\/v2\/posts"}],"about":[{"href":"https:\/\/emisoracolon.com.ar\/index.php\/wp-json\/wp\/v2\/types\/post"}],"author":[{"embeddable":true,"href":"https:\/\/emisoracolon.com.ar\/index.php\/wp-json\/wp\/v2\/users\/1"}],"replies":[{"embeddable":true,"href":"https:\/\/emisoracolon.com.ar\/index.php\/wp-json\/wp\/v2\/comments?post=7250"}],"version-history":[{"count":1,"href":"https:\/\/emisoracolon.com.ar\/index.php\/wp-json\/wp\/v2\/posts\/7250\/revisions"}],"predecessor-version":[{"id":7254,"href":"https:\/\/emisoracolon.com.ar\/index.php\/wp-json\/wp\/v2\/posts\/7250\/revisions\/7254"}],"wp:featuredmedia":[{"embeddable":true,"href":"https:\/\/emisoracolon.com.ar\/index.php\/wp-json\/wp\/v2\/media\/4971"}],"wp:attachment":[{"href":"https:\/\/emisoracolon.com.ar\/index.php\/wp-json\/wp\/v2\/media?parent=7250"}],"wp:term":[{"taxonomy":"category","embeddable":true,"href":"https:\/\/emisoracolon.com.ar\/index.php\/wp-json\/wp\/v2\/categories?post=7250"},{"taxonomy":"post_tag","embeddable":true,"href":"https:\/\/emisoracolon.com.ar\/index.php\/wp-json\/wp\/v2\/tags?post=7250"}],"curies":[{"name":"wp","href":"https:\/\/api.w.org\/{rel}","templated":true}]}}