{"id":7246,"date":"2025-06-24T16:42:03","date_gmt":"2025-06-24T19:42:03","guid":{"rendered":"https:\/\/emisoracolon.com.ar\/?p=7246"},"modified":"2025-06-24T16:42:03","modified_gmt":"2025-06-24T19:42:03","slug":"piden-a-vialidad-nacional-que-repare-la-iluminacion-en-la-rotonda-de-ruta-8-y-50","status":"publish","type":"post","link":"https:\/\/emisoracolon.com.ar\/index.php\/2025\/06\/24\/piden-a-vialidad-nacional-que-repare-la-iluminacion-en-la-rotonda-de-ruta-8-y-50\/","title":{"rendered":"Piden a Vialidad Nacional que repare la iluminaci\u00f3n en la rotonda de Ruta 8 y 50"},"content":{"rendered":"\n<p>Desde el Concejo Deliberante de Col\u00f3n se present\u00f3 un proyecto de resoluci\u00f3n solicitando a Vialidad Nacional la reparaci\u00f3n o instalaci\u00f3n de luminarias en la rotonda ubicada en el cruce de la Ruta Nacional N.\u00ba 8 y la Ruta Provincial N.\u00ba 50, as\u00ed como en el tramo que va desde ese punto hasta la estaci\u00f3n de servicio del Tri\u00e1ngulo.<\/p>\n\n\n\n<p>La iniciativa fue impulsada por la concejala Alicia Franco, del bloque Primero Col\u00f3n, quien advirti\u00f3 sobre el \u201calto riesgo\u201d que representa la falta de iluminaci\u00f3n, especialmente durante la noche o en condiciones de baja visibilidad. \u201cEsta situaci\u00f3n puede aumentar la posibilidad de accidentes y pone en peligro la integridad f\u00edsica de los conductores\u201d, sostuvo.<\/p>\n\n\n\n<p>En los fundamentos del proyecto, Franco cuestion\u00f3 la falta de respuesta del Gobierno nacional para realizar obras en las rutas, mencionando que \u201ccon la excusa del d\u00e9ficit cero no se est\u00e1n ejecutando tareas b\u00e1sicas que garanticen la seguridad de quienes transitan por estos caminos\u201d.<\/p>\n\n\n\n<p>Adem\u00e1s, destac\u00f3 que tanto la Ruta Nacional 8 como la Ruta Provincial 50 son utilizadas de manera frecuente por camiones que transportan cosechas hacia los puertos, por lo que su mantenimiento y correcta iluminaci\u00f3n resulta clave. Tambi\u00e9n record\u00f3 que ya se han hecho numerosos reclamos ante Vialidad Nacional, pero que, si bien algunos fueron respondidos, las luminarias siguen sin repararse.<\/p>\n\n\n\n<p>Por todo esto, el bloque Primero Col\u00f3n solicit\u00f3 formalmente a Vialidad Nacional que lleve a cabo la reparaci\u00f3n o instalaci\u00f3n de luces en ese sector \u201cde forma urgente\u201d, con el objetivo de mejorar la visibilidad y la seguridad vial.<\/p>\n","protected":false},"excerpt":{"rendered":"<p>Desde el Concejo Deliberante de Col\u00f3n se present\u00f3 un proyecto de resoluci\u00f3n solicitando a Vialidad Nacional la reparaci\u00f3n o instalaci\u00f3n de luminarias en la rotonda ubicada en el cruce de la Ruta&#8230;<\/p>\n","protected":false},"author":1,"featured_media":371,"comment_status":"open","ping_status":"open","sticky":false,"template":"","format":"standard","meta":{"footnotes":""},"categories":[3],"tags":[],"class_list":["post-7246","post","type-post","status-publish","format-standard","has-post-thumbnail","hentry","category-general"],"_links":{"self":[{"href":"https:\/\/emisoracolon.com.ar\/index.php\/wp-json\/wp\/v2\/posts\/7246","targetHints":{"allow":["GET"]}}],"collection":[{"href":"https:\/\/emisoracolon.com.ar\/index.php\/wp-json\/wp\/v2\/posts"}],"about":[{"href":"https:\/\/emisoracolon.com.ar\/index.php\/wp-json\/wp\/v2\/types\/post"}],"author":[{"embeddable":true,"href":"https:\/\/emisoracolon.com.ar\/index.php\/wp-json\/wp\/v2\/users\/1"}],"replies":[{"embeddable":true,"href":"https:\/\/emisoracolon.com.ar\/index.php\/wp-json\/wp\/v2\/comments?post=7246"}],"version-history":[{"count":1,"href":"https:\/\/emisoracolon.com.ar\/index.php\/wp-json\/wp\/v2\/posts\/7246\/revisions"}],"predecessor-version":[{"id":7247,"href":"https:\/\/emisoracolon.com.ar\/index.php\/wp-json\/wp\/v2\/posts\/7246\/revisions\/7247"}],"wp:featuredmedia":[{"embeddable":true,"href":"https:\/\/emisoracolon.com.ar\/index.php\/wp-json\/wp\/v2\/media\/371"}],"wp:attachment":[{"href":"https:\/\/emisoracolon.com.ar\/index.php\/wp-json\/wp\/v2\/media?parent=7246"}],"wp:term":[{"taxonomy":"category","embeddable":true,"href":"https:\/\/emisoracolon.com.ar\/index.php\/wp-json\/wp\/v2\/categories?post=7246"},{"taxonomy":"post_tag","embeddable":true,"href":"https:\/\/emisoracolon.com.ar\/index.php\/wp-json\/wp\/v2\/tags?post=7246"}],"curies":[{"name":"wp","href":"https:\/\/api.w.org\/{rel}","templated":true}]}}