{"id":7241,"date":"2025-06-24T16:36:58","date_gmt":"2025-06-24T19:36:58","guid":{"rendered":"https:\/\/emisoracolon.com.ar\/?p=7241"},"modified":"2025-06-24T16:36:58","modified_gmt":"2025-06-24T19:36:58","slug":"bomberos-nuevos-desafios-mas-preparacion","status":"publish","type":"post","link":"https:\/\/emisoracolon.com.ar\/index.php\/2025\/06\/24\/bomberos-nuevos-desafios-mas-preparacion\/","title":{"rendered":"Bomberos, nuevos desaf\u00edos, m\u00e1s preparaci\u00f3n"},"content":{"rendered":"\n<p>Se realizo en la ciudad de Salto una capacitaci\u00f3n de seguridad en incendios de veh\u00edculos a combusti\u00f3n, h\u00edbridos y el\u00e9ctricos<\/p>\n\n\n\n<p>Dictada por el Oficial M\u00e1ximo Migues de Bomberos de Tigre.<\/p>\n\n\n\n<p>En el marco del crecimiento profesional y t\u00e9cnico de los bomberos de la regi\u00f3n, se desarroll\u00f3 una destacada capacitaci\u00f3n sobre autom\u00f3viles convencionales, h\u00edbridos y el\u00e9ctricos, un tema de plena actualidad que plantea nuevos desaf\u00edos operativos para los bomberos, que tuvo como sede a Bomberos Voluntarios de Salto. La jornada cont\u00f3 con la presencia del Comandante Ricardo Eguali, el Oficial Maximiliano Miguens, y el bombero Juan Manuel Ricciotti de Bomberos Voluntarios de Tigre, reconocidos instructores que brindaron contenidos actualizados, de gran claridad y profundidad, con enfoque pr\u00e1ctico y de seguridad operativa. A la misma concurri\u00f3 el Sub Oficial Sub Ayudante Cristian Moreno y el bombero Mat\u00edas Villaroel de Col\u00f3n. La calidad de la exposici\u00f3n fue ampliamente valorada por los participantes, que sumaron 80 asistentes, reflejando el gran inter\u00e9s y compromiso con la formaci\u00f3n contin\u00faa porque estas capacitaciones fortalecen la preparaci\u00f3n de nuestros bomberos para actuar ante escenarios cada vez m\u00e1s complejos.<\/p>\n","protected":false},"excerpt":{"rendered":"<p>Se realizo en la ciudad de Salto una capacitaci\u00f3n de seguridad en incendios de veh\u00edculos a combusti\u00f3n, h\u00edbridos y el\u00e9ctricos Dictada por el Oficial M\u00e1ximo Migues de Bomberos de Tigre. En el&#8230;<\/p>\n","protected":false},"author":1,"featured_media":2043,"comment_status":"open","ping_status":"open","sticky":false,"template":"","format":"standard","meta":{"footnotes":""},"categories":[3],"tags":[],"class_list":["post-7241","post","type-post","status-publish","format-standard","has-post-thumbnail","hentry","category-general"],"_links":{"self":[{"href":"https:\/\/emisoracolon.com.ar\/index.php\/wp-json\/wp\/v2\/posts\/7241","targetHints":{"allow":["GET"]}}],"collection":[{"href":"https:\/\/emisoracolon.com.ar\/index.php\/wp-json\/wp\/v2\/posts"}],"about":[{"href":"https:\/\/emisoracolon.com.ar\/index.php\/wp-json\/wp\/v2\/types\/post"}],"author":[{"embeddable":true,"href":"https:\/\/emisoracolon.com.ar\/index.php\/wp-json\/wp\/v2\/users\/1"}],"replies":[{"embeddable":true,"href":"https:\/\/emisoracolon.com.ar\/index.php\/wp-json\/wp\/v2\/comments?post=7241"}],"version-history":[{"count":1,"href":"https:\/\/emisoracolon.com.ar\/index.php\/wp-json\/wp\/v2\/posts\/7241\/revisions"}],"predecessor-version":[{"id":7242,"href":"https:\/\/emisoracolon.com.ar\/index.php\/wp-json\/wp\/v2\/posts\/7241\/revisions\/7242"}],"wp:featuredmedia":[{"embeddable":true,"href":"https:\/\/emisoracolon.com.ar\/index.php\/wp-json\/wp\/v2\/media\/2043"}],"wp:attachment":[{"href":"https:\/\/emisoracolon.com.ar\/index.php\/wp-json\/wp\/v2\/media?parent=7241"}],"wp:term":[{"taxonomy":"category","embeddable":true,"href":"https:\/\/emisoracolon.com.ar\/index.php\/wp-json\/wp\/v2\/categories?post=7241"},{"taxonomy":"post_tag","embeddable":true,"href":"https:\/\/emisoracolon.com.ar\/index.php\/wp-json\/wp\/v2\/tags?post=7241"}],"curies":[{"name":"wp","href":"https:\/\/api.w.org\/{rel}","templated":true}]}}