{"id":7236,"date":"2025-06-24T16:33:18","date_gmt":"2025-06-24T19:33:18","guid":{"rendered":"https:\/\/emisoracolon.com.ar\/?p=7236"},"modified":"2025-06-24T16:33:18","modified_gmt":"2025-06-24T19:33:18","slug":"preocupacion-por-el-estado-de-la-ex-terminal-y-la-seguridad-vial","status":"publish","type":"post","link":"https:\/\/emisoracolon.com.ar\/index.php\/2025\/06\/24\/preocupacion-por-el-estado-de-la-ex-terminal-y-la-seguridad-vial\/","title":{"rendered":"Preocupaci\u00f3n por el estado de la ex Terminal y la seguridad vial"},"content":{"rendered":"\n<p>Durante la \u00faltima sesi\u00f3n del Concejo Deliberante, el concejal Marcelo Villa solicit\u00f3 informaci\u00f3n actualizada sobre el expediente relacionado con la ex Terminal de \u00d3mnibus. Expres\u00f3 su inquietud ante la falta de datos y pidi\u00f3 conocer en qu\u00e9 estado se encuentra la gesti\u00f3n del inmueble.<\/p>\n\n\n\n<p>Por otra parte, y en un contexto marcado por reiterados hechos de inseguridad y descontrol vehicular, Villa propuso convocar a una reuni\u00f3n conjunta con representantes del Departamento Ejecutivo, la Polic\u00eda, la Fiscal\u00eda, el Juzgado de Faltas, integrantes del Grupo \u201cCol\u00f3n sin Ruidos\u201d, Estrellas Amarillas y concejales, con el objetivo de conocer las pol\u00edticas p\u00fablicas que se est\u00e1n llevando adelante en materia de tr\u00e1nsito y seguridad.<\/p>\n\n\n\n<p>\u201cSabemos muy bien que el fin de semana volvieron a registrarse picadas, el tr\u00e1nsito estuvo bastante descontrolado y hubo robos\u201d, se\u00f1al\u00f3 el edil, quien adem\u00e1s inform\u00f3 que su bloque envi\u00f3 una nota solicitando al hospital municipal datos concretos sobre la cantidad de ingresos por accidentes personales, lagravedad de las lesiones, el costo estimado de los tratamientos, traslados y recursos involucrados.<\/p>\n\n\n\n<p>Villa tambi\u00e9n dej\u00f3 constancia de una reuni\u00f3n previa con el concejal Giuli y anticip\u00f3 que en los pr\u00f3ximos d\u00edas se iniciar\u00e1 una ronda de encuentros con las comisiones de Legislaci\u00f3n y Tr\u00e1nsito, as\u00ed como con quienes forman parte de la Oficina de Tr\u00e1nsito Municipal, para intentar unificar criterios que permitan avanzar hacia una ordenanza integral que aborde las problem\u00e1ticas del tr\u00e1nsito y la seguridad en la ciudad.<\/p>\n","protected":false},"excerpt":{"rendered":"<p>Durante la \u00faltima sesi\u00f3n del Concejo Deliberante, el concejal Marcelo Villa solicit\u00f3 informaci\u00f3n actualizada sobre el expediente relacionado con la ex Terminal de \u00d3mnibus. Expres\u00f3 su inquietud ante la falta de datos&#8230;<\/p>\n","protected":false},"author":1,"featured_media":4339,"comment_status":"open","ping_status":"open","sticky":false,"template":"","format":"standard","meta":{"footnotes":""},"categories":[5],"tags":[],"class_list":["post-7236","post","type-post","status-publish","format-standard","has-post-thumbnail","hentry","category-politica_local"],"_links":{"self":[{"href":"https:\/\/emisoracolon.com.ar\/index.php\/wp-json\/wp\/v2\/posts\/7236","targetHints":{"allow":["GET"]}}],"collection":[{"href":"https:\/\/emisoracolon.com.ar\/index.php\/wp-json\/wp\/v2\/posts"}],"about":[{"href":"https:\/\/emisoracolon.com.ar\/index.php\/wp-json\/wp\/v2\/types\/post"}],"author":[{"embeddable":true,"href":"https:\/\/emisoracolon.com.ar\/index.php\/wp-json\/wp\/v2\/users\/1"}],"replies":[{"embeddable":true,"href":"https:\/\/emisoracolon.com.ar\/index.php\/wp-json\/wp\/v2\/comments?post=7236"}],"version-history":[{"count":1,"href":"https:\/\/emisoracolon.com.ar\/index.php\/wp-json\/wp\/v2\/posts\/7236\/revisions"}],"predecessor-version":[{"id":7237,"href":"https:\/\/emisoracolon.com.ar\/index.php\/wp-json\/wp\/v2\/posts\/7236\/revisions\/7237"}],"wp:featuredmedia":[{"embeddable":true,"href":"https:\/\/emisoracolon.com.ar\/index.php\/wp-json\/wp\/v2\/media\/4339"}],"wp:attachment":[{"href":"https:\/\/emisoracolon.com.ar\/index.php\/wp-json\/wp\/v2\/media?parent=7236"}],"wp:term":[{"taxonomy":"category","embeddable":true,"href":"https:\/\/emisoracolon.com.ar\/index.php\/wp-json\/wp\/v2\/categories?post=7236"},{"taxonomy":"post_tag","embeddable":true,"href":"https:\/\/emisoracolon.com.ar\/index.php\/wp-json\/wp\/v2\/tags?post=7236"}],"curies":[{"name":"wp","href":"https:\/\/api.w.org\/{rel}","templated":true}]}}