{"id":7232,"date":"2025-06-24T16:30:51","date_gmt":"2025-06-24T19:30:51","guid":{"rendered":"https:\/\/emisoracolon.com.ar\/?p=7232"},"modified":"2025-06-24T16:30:51","modified_gmt":"2025-06-24T19:30:51","slug":"los-estudiantes-prometieron-lealtad-a-la-bandera-nacional-en-un-emotivo-acto-escolar","status":"publish","type":"post","link":"https:\/\/emisoracolon.com.ar\/index.php\/2025\/06\/24\/los-estudiantes-prometieron-lealtad-a-la-bandera-nacional-en-un-emotivo-acto-escolar\/","title":{"rendered":"Los estudiantes prometieron lealtad a la Bandera Nacional en un emotivo acto escolar"},"content":{"rendered":"\n<p>En la tarde del lunes, alumnos y alumnas de 4\u00b0 a\u00f1o del nivel primario, pertenecientes a instituciones p\u00fablicas y privadas de la ciudad, participaron de la tradicional ceremonia de promesa a la Bandera Nacional.<\/p>\n\n\n\n<p>El acto se llev\u00f3 a cabo en las instalaciones de la Villa Deportiva, donde se vivi\u00f3 un clima de emoci\u00f3n y compromiso patri\u00f3tico. La jornada incluy\u00f3 palabras alusivas de la inspectora distrital Vanina Villavicencio y del intendente municipal Waldemar Giordano, quienes destacaron el valor de la bandera como s\u00edmbolo de unidad y soberan\u00eda.<\/p>\n\n\n\n<p>El momento m\u00e1s significativo fue la toma del juramento a los estudiantes, a cargo del inspector jefe de la Regi\u00f3n 13, Federico Castellano, quien encabez\u00f3 el solemne pasaje donde cada ni\u00f1o y ni\u00f1a expres\u00f3 su lealtad a la insignia patria.<\/p>\n","protected":false},"excerpt":{"rendered":"<p>En la tarde del lunes, alumnos y alumnas de 4\u00b0 a\u00f1o del nivel primario, pertenecientes a instituciones p\u00fablicas y privadas de la ciudad, participaron de la tradicional ceremonia de promesa a la&#8230;<\/p>\n","protected":false},"author":1,"featured_media":2068,"comment_status":"open","ping_status":"open","sticky":false,"template":"","format":"standard","meta":{"footnotes":""},"categories":[3],"tags":[],"class_list":["post-7232","post","type-post","status-publish","format-standard","has-post-thumbnail","hentry","category-general"],"_links":{"self":[{"href":"https:\/\/emisoracolon.com.ar\/index.php\/wp-json\/wp\/v2\/posts\/7232","targetHints":{"allow":["GET"]}}],"collection":[{"href":"https:\/\/emisoracolon.com.ar\/index.php\/wp-json\/wp\/v2\/posts"}],"about":[{"href":"https:\/\/emisoracolon.com.ar\/index.php\/wp-json\/wp\/v2\/types\/post"}],"author":[{"embeddable":true,"href":"https:\/\/emisoracolon.com.ar\/index.php\/wp-json\/wp\/v2\/users\/1"}],"replies":[{"embeddable":true,"href":"https:\/\/emisoracolon.com.ar\/index.php\/wp-json\/wp\/v2\/comments?post=7232"}],"version-history":[{"count":1,"href":"https:\/\/emisoracolon.com.ar\/index.php\/wp-json\/wp\/v2\/posts\/7232\/revisions"}],"predecessor-version":[{"id":7233,"href":"https:\/\/emisoracolon.com.ar\/index.php\/wp-json\/wp\/v2\/posts\/7232\/revisions\/7233"}],"wp:featuredmedia":[{"embeddable":true,"href":"https:\/\/emisoracolon.com.ar\/index.php\/wp-json\/wp\/v2\/media\/2068"}],"wp:attachment":[{"href":"https:\/\/emisoracolon.com.ar\/index.php\/wp-json\/wp\/v2\/media?parent=7232"}],"wp:term":[{"taxonomy":"category","embeddable":true,"href":"https:\/\/emisoracolon.com.ar\/index.php\/wp-json\/wp\/v2\/categories?post=7232"},{"taxonomy":"post_tag","embeddable":true,"href":"https:\/\/emisoracolon.com.ar\/index.php\/wp-json\/wp\/v2\/tags?post=7232"}],"curies":[{"name":"wp","href":"https:\/\/api.w.org\/{rel}","templated":true}]}}