{"id":7225,"date":"2025-06-23T16:42:59","date_gmt":"2025-06-23T19:42:59","guid":{"rendered":"https:\/\/emisoracolon.com.ar\/?p=7225"},"modified":"2025-06-23T16:45:26","modified_gmt":"2025-06-23T19:45:26","slug":"la-agresion-en-colon-escala-a-nivel-nacional","status":"publish","type":"post","link":"https:\/\/emisoracolon.com.ar\/index.php\/2025\/06\/23\/la-agresion-en-colon-escala-a-nivel-nacional\/","title":{"rendered":"la agresi\u00f3n en Col\u00f3n escala a nivel nacional"},"content":{"rendered":"\n<p>El violento ataque a Guido Ruiz, un adolescente de 17 a\u00f1os agredido a la salida de un boliche en Col\u00f3n, ya es noticia nacional. La presi\u00f3n de familiares, amigos y vecinos logr\u00f3 que el caso fuera recogido por medios de todo el pa\u00eds, mientras avanza la causa judicial con tres imputados por tentativa de homicidio.<\/p>\n\n\n\n<p>La fiscal colonense Magdalena Brandt consider\u00f3 clave el registro de una c\u00e1mara de seguridad para sostener la acusaci\u00f3n contra los tres adultos identificados como autores materiales de la golpiza. Seg\u00fan inform\u00f3 La Opini\u00f3n de Pergamino, las im\u00e1genes revelan la alevos\u00eda con la que actuaron los agresores, quienes persiguieron, acorralaron y golpearon brutalmente a la v\u00edctima, incluso cuando ya se encontraba en el suelo e indefensa.<\/p>\n\n\n\n<p>El hecho ocurri\u00f3 en la madrugada del domingo anterior, en inmediaciones del boliche \u201cPorte\u00f1o\u201d, sobre calle 16 entre 47 y 48. Los atacantes \u2014cuyas identidades no fueron reveladas oficialmente\u2014 fueron filmados mientras le propinaban al joven m\u00faltiples golpes de pu\u00f1o y patadas, muchas de ellas dirigidas a zonas vitales del cuerpo.<\/p>\n\n\n\n<p>Las pruebas reunidas hasta el momento \u2014entre ellas las im\u00e1genes del ataque y las pericias m\u00e9dicas\u2014 permitieron calificar el delito como homicidio en grado de tentativa. El informe m\u00e9dico oficial detall\u00f3 lesiones de gravedad: fracturas en el maxilar y la nariz, p\u00e9rdida de piezas dentarias, hematomas m\u00faltiples en el rostro y un traumatismo ocular con riesgo de da\u00f1o permanente en la visi\u00f3n. Se aguarda una tomograf\u00eda para descartar secuelas neurol\u00f3gicas.<\/p>\n\n\n\n<p>\u201cLa violencia empleada, el n\u00famero de atacantes, la elecci\u00f3n de zonas vitales y el estado de indefensi\u00f3n de la v\u00edctima permiten sostener el dolo eventual\u201d, explicaron desde la Fiscal\u00eda, al fundamentar la car\u00e1tula penal.<\/p>\n\n\n\n<p>Mientras los defensores de los acusados presentaron pedidos individuales de eximici\u00f3n de prisi\u00f3n \u2014que a\u00fan eval\u00faa el juez de Garant\u00edas N\u00b01, C\u00e9sar Solazzi\u2014, el proceso judicial contin\u00faa su curso. La resoluci\u00f3n sobre estas solicitudes ser\u00e1 clave en el avance de la causa.<\/p>\n\n\n\n<p>En tanto, Guido Ruiz sigue en tratamiento m\u00e9dico y psicol\u00f3gico, acompa\u00f1ado por su familia y por una comunidad conmocionada que reclama justicia y un freno a la violencia juvenil.<\/p>\n\n\n\n<hr class=\"wp-block-separator has-alpha-channel-opacity\"\/>\n\n\n\n<p><strong>Robaron cables en Plaza Mitre<\/strong><\/p>\n\n\n\n<p>Un nuevo episodio de robo de cables afecta a la ciudad: esta vez ocurri\u00f3 en Plaza Mitre, donde fue sustra\u00eddo parte del tendido el\u00e9ctrico del sistema de iluminaci\u00f3n. Autoridades advirtieron la situaci\u00f3n al notar el faltante, tras escalar las columnas de la cancha de f\u00fatbol.<\/p>\n\n\n\n<p>Sin dudas un grave perjuicio para la instituci\u00f3n que organiza el f\u00fatbol en la ciudad. Si bien es cierto que hac\u00eda un tiempo que se conoc\u00edan situaciones de este tipo, cabe recordar que este a\u00f1o hubo robos similares, por ejemplo, en algunos espacios p\u00fablicos por lo que es necesario establecer un protocolo de actuaci\u00f3n r\u00e1pida en los lugares donde se pueda y campa\u00f1as de concientizaci\u00f3n vecinal, con el fin de reducir el vandalismo y proteger el patrimonio p\u00fablico y privado.<\/p>\n","protected":false},"excerpt":{"rendered":"<p>El violento ataque a Guido Ruiz, un adolescente de 17 a\u00f1os agredido a la salida de un boliche en Col\u00f3n, ya es noticia nacional. La presi\u00f3n de familiares, amigos y vecinos logr\u00f3&#8230;<\/p>\n","protected":false},"author":1,"featured_media":4964,"comment_status":"open","ping_status":"open","sticky":false,"template":"","format":"standard","meta":{"footnotes":""},"categories":[3],"tags":[],"class_list":["post-7225","post","type-post","status-publish","format-standard","has-post-thumbnail","hentry","category-general"],"_links":{"self":[{"href":"https:\/\/emisoracolon.com.ar\/index.php\/wp-json\/wp\/v2\/posts\/7225","targetHints":{"allow":["GET"]}}],"collection":[{"href":"https:\/\/emisoracolon.com.ar\/index.php\/wp-json\/wp\/v2\/posts"}],"about":[{"href":"https:\/\/emisoracolon.com.ar\/index.php\/wp-json\/wp\/v2\/types\/post"}],"author":[{"embeddable":true,"href":"https:\/\/emisoracolon.com.ar\/index.php\/wp-json\/wp\/v2\/users\/1"}],"replies":[{"embeddable":true,"href":"https:\/\/emisoracolon.com.ar\/index.php\/wp-json\/wp\/v2\/comments?post=7225"}],"version-history":[{"count":2,"href":"https:\/\/emisoracolon.com.ar\/index.php\/wp-json\/wp\/v2\/posts\/7225\/revisions"}],"predecessor-version":[{"id":7229,"href":"https:\/\/emisoracolon.com.ar\/index.php\/wp-json\/wp\/v2\/posts\/7225\/revisions\/7229"}],"wp:featuredmedia":[{"embeddable":true,"href":"https:\/\/emisoracolon.com.ar\/index.php\/wp-json\/wp\/v2\/media\/4964"}],"wp:attachment":[{"href":"https:\/\/emisoracolon.com.ar\/index.php\/wp-json\/wp\/v2\/media?parent=7225"}],"wp:term":[{"taxonomy":"category","embeddable":true,"href":"https:\/\/emisoracolon.com.ar\/index.php\/wp-json\/wp\/v2\/categories?post=7225"},{"taxonomy":"post_tag","embeddable":true,"href":"https:\/\/emisoracolon.com.ar\/index.php\/wp-json\/wp\/v2\/tags?post=7225"}],"curies":[{"name":"wp","href":"https:\/\/api.w.org\/{rel}","templated":true}]}}