{"id":7223,"date":"2025-06-23T16:42:04","date_gmt":"2025-06-23T19:42:04","guid":{"rendered":"https:\/\/emisoracolon.com.ar\/?p=7223"},"modified":"2025-06-23T16:42:04","modified_gmt":"2025-06-23T19:42:04","slug":"promesa-a-la-bandera-en-la-villa-deportiva","status":"publish","type":"post","link":"https:\/\/emisoracolon.com.ar\/index.php\/2025\/06\/23\/promesa-a-la-bandera-en-la-villa-deportiva\/","title":{"rendered":"Promesa a la Bandera en la Villa Deportiva"},"content":{"rendered":"\n<p>La tradicional ceremonia de Promesa de Lealtad a la Bandera se realizar\u00e1 este lunes por la tarde en la Villa Deportiva. El acto, que re\u00fane a estudiantes de cuarto a\u00f1o de nivel primario, representa un momento significativo dentro del calendario escolar, ya que marca el compromiso simb\u00f3lico de los ni\u00f1os con los valores representados por la ense\u00f1a patria.<\/p>\n\n\n\n<p>Si bien esta ceremonia se celebra habitualmente el 20 de junio, D\u00eda de la Bandera, en conmemoraci\u00f3n del fallecimiento de su creador, Manuel Belgrano, en esta oportunidad se reprogram\u00f3 para el 23. Como ya es costumbre, se eligi\u00f3 un espacio amplio para garantizar la presencia de familiares y acompa\u00f1antes, fomentando as\u00ed la participaci\u00f3n de la comunidad educativa.<\/p>\n","protected":false},"excerpt":{"rendered":"<p>La tradicional ceremonia de Promesa de Lealtad a la Bandera se realizar\u00e1 este lunes por la tarde en la Villa Deportiva. El acto, que re\u00fane a estudiantes de cuarto a\u00f1o de nivel&#8230;<\/p>\n","protected":false},"author":1,"featured_media":2068,"comment_status":"open","ping_status":"open","sticky":false,"template":"","format":"standard","meta":{"footnotes":""},"categories":[3],"tags":[],"class_list":["post-7223","post","type-post","status-publish","format-standard","has-post-thumbnail","hentry","category-general"],"_links":{"self":[{"href":"https:\/\/emisoracolon.com.ar\/index.php\/wp-json\/wp\/v2\/posts\/7223","targetHints":{"allow":["GET"]}}],"collection":[{"href":"https:\/\/emisoracolon.com.ar\/index.php\/wp-json\/wp\/v2\/posts"}],"about":[{"href":"https:\/\/emisoracolon.com.ar\/index.php\/wp-json\/wp\/v2\/types\/post"}],"author":[{"embeddable":true,"href":"https:\/\/emisoracolon.com.ar\/index.php\/wp-json\/wp\/v2\/users\/1"}],"replies":[{"embeddable":true,"href":"https:\/\/emisoracolon.com.ar\/index.php\/wp-json\/wp\/v2\/comments?post=7223"}],"version-history":[{"count":1,"href":"https:\/\/emisoracolon.com.ar\/index.php\/wp-json\/wp\/v2\/posts\/7223\/revisions"}],"predecessor-version":[{"id":7224,"href":"https:\/\/emisoracolon.com.ar\/index.php\/wp-json\/wp\/v2\/posts\/7223\/revisions\/7224"}],"wp:featuredmedia":[{"embeddable":true,"href":"https:\/\/emisoracolon.com.ar\/index.php\/wp-json\/wp\/v2\/media\/2068"}],"wp:attachment":[{"href":"https:\/\/emisoracolon.com.ar\/index.php\/wp-json\/wp\/v2\/media?parent=7223"}],"wp:term":[{"taxonomy":"category","embeddable":true,"href":"https:\/\/emisoracolon.com.ar\/index.php\/wp-json\/wp\/v2\/categories?post=7223"},{"taxonomy":"post_tag","embeddable":true,"href":"https:\/\/emisoracolon.com.ar\/index.php\/wp-json\/wp\/v2\/tags?post=7223"}],"curies":[{"name":"wp","href":"https:\/\/api.w.org\/{rel}","templated":true}]}}