{"id":7205,"date":"2025-06-19T16:47:24","date_gmt":"2025-06-19T19:47:24","guid":{"rendered":"https:\/\/emisoracolon.com.ar\/?p=7205"},"modified":"2025-06-19T16:47:24","modified_gmt":"2025-06-19T19:47:24","slug":"define-su-perfil-electoral-el-radicalismo","status":"publish","type":"post","link":"https:\/\/emisoracolon.com.ar\/index.php\/2025\/06\/19\/define-su-perfil-electoral-el-radicalismo\/","title":{"rendered":"Define su perfil electoral el radicalismo"},"content":{"rendered":"\n<p>El radicalismo define su perfil para afrontar las elecciones legislativas 2025, en las que buscar\u00e1 conservar su representaci\u00f3n legislativa en comicios desdoblados.<\/p>\n\n\n\n<p>Luego de las disputas judiciales surgidas tras la realizaci\u00f3n de las internas, en las que hubo acusaciones cruzadas de irregularidades, los dos sectores internos -el abadismo y Evoluci\u00f3n, tras la ruptura de Facundo Manes- se han concentrado en apuntalar la transici\u00f3n en el partido a nivel bonaerense.<\/p>\n\n\n\n<p>As\u00ed, la conducci\u00f3n compartida inici\u00f3 una serie de reuniones con los presidentes de comit\u00e9 de los 135 distritos, para conocer su posicionamiento en referencia a la postura que deber\u00eda adoptar la UCR de cara a las pr\u00f3ximas elecciones.<\/p>\n\n\n\n<p>El lunes 16 fue el turno de las secciones Segunda y S\u00e9ptima, mientras que el martes 17 el encuentro v\u00eda Zoom tuvo como protagonistas a los de la Cuarta y la Octava, la secci\u00f3n capital. El sondeo continu\u00f3 ayer mediante una reuni\u00f3n virtual con la Sexta; hoy con la Tercera, y el vienes 20 con la Quinta, cerrando el periplo con la Primera Secci\u00f3n, el s\u00e1bado 21 de junio.<\/p>\n\n\n\n<p>Tras la conformaci\u00f3n de ambos grupos, la conducci\u00f3n de transici\u00f3n recibi\u00f3 en La Plata a los 27 intendentes boina blanca, para escuchar la opini\u00f3n de los territorios acerca de varios temas, como la pol\u00edtica de alianzas que debe encarar el partido en territorio bonaerense.<\/p>\n","protected":false},"excerpt":{"rendered":"<p>El radicalismo define su perfil para afrontar las elecciones legislativas 2025, en las que buscar\u00e1 conservar su representaci\u00f3n legislativa en comicios desdoblados. Luego de las disputas judiciales surgidas tras la realizaci\u00f3n de&#8230;<\/p>\n","protected":false},"author":1,"featured_media":5688,"comment_status":"open","ping_status":"open","sticky":false,"template":"","format":"standard","meta":{"footnotes":""},"categories":[3],"tags":[],"class_list":["post-7205","post","type-post","status-publish","format-standard","has-post-thumbnail","hentry","category-general"],"_links":{"self":[{"href":"https:\/\/emisoracolon.com.ar\/index.php\/wp-json\/wp\/v2\/posts\/7205","targetHints":{"allow":["GET"]}}],"collection":[{"href":"https:\/\/emisoracolon.com.ar\/index.php\/wp-json\/wp\/v2\/posts"}],"about":[{"href":"https:\/\/emisoracolon.com.ar\/index.php\/wp-json\/wp\/v2\/types\/post"}],"author":[{"embeddable":true,"href":"https:\/\/emisoracolon.com.ar\/index.php\/wp-json\/wp\/v2\/users\/1"}],"replies":[{"embeddable":true,"href":"https:\/\/emisoracolon.com.ar\/index.php\/wp-json\/wp\/v2\/comments?post=7205"}],"version-history":[{"count":1,"href":"https:\/\/emisoracolon.com.ar\/index.php\/wp-json\/wp\/v2\/posts\/7205\/revisions"}],"predecessor-version":[{"id":7206,"href":"https:\/\/emisoracolon.com.ar\/index.php\/wp-json\/wp\/v2\/posts\/7205\/revisions\/7206"}],"wp:featuredmedia":[{"embeddable":true,"href":"https:\/\/emisoracolon.com.ar\/index.php\/wp-json\/wp\/v2\/media\/5688"}],"wp:attachment":[{"href":"https:\/\/emisoracolon.com.ar\/index.php\/wp-json\/wp\/v2\/media?parent=7205"}],"wp:term":[{"taxonomy":"category","embeddable":true,"href":"https:\/\/emisoracolon.com.ar\/index.php\/wp-json\/wp\/v2\/categories?post=7205"},{"taxonomy":"post_tag","embeddable":true,"href":"https:\/\/emisoracolon.com.ar\/index.php\/wp-json\/wp\/v2\/tags?post=7205"}],"curies":[{"name":"wp","href":"https:\/\/api.w.org\/{rel}","templated":true}]}}