{"id":72,"date":"2024-03-27T18:19:35","date_gmt":"2024-03-27T21:19:35","guid":{"rendered":"https:\/\/emisoracolon.com.ar\/?p=72"},"modified":"2024-03-27T18:19:35","modified_gmt":"2024-03-27T21:19:35","slug":"memoria-verdad-y-justicia","status":"publish","type":"post","link":"https:\/\/emisoracolon.com.ar\/index.php\/2024\/03\/27\/memoria-verdad-y-justicia\/","title":{"rendered":"Memoria, Verdad y Justicia"},"content":{"rendered":"\n<p>En el Museo de la Ciudad se realiz\u00f3 una jornada conmemorativa que lleva el nombre de \u201cSemana por la Memoria, la Verdad y la Justicia\u201d. Tiene como eje fundamental la relaci\u00f3n directa que tuvieron el 24 de marzo de 1976 y el 2 de abril de 1982.<\/p>\n\n\n\n<p>En el primer d\u00eda de actividad, hubo un lleno total en los dos turnos de las recorridas hist\u00f3ricas, que adem\u00e1s contaron con la presencia de Ricardo Raineri, preso pol\u00edtico durante la dictadura militar, quien narra sobre el material \u201cEl diario del juicio\u201d. Tambi\u00e9n se dise\u00f1\u00f3 un micro cine donde se proyect\u00f3 el cortometraje \u201cRegistro de la Memoria\u201d, realizado por Alejandra Cerrezuela.<\/p>\n\n\n\n<p>Hoy mi\u00e9rcoles, desde las 19, vuelve a abrirse el Museo de la Ciudad para repetir la propuesta en el contexto de una semana marcada por el ejercicio de la memoria colectiva bajo la consigna de \u201cNunca M\u00e1s\u201d.<\/p>\n","protected":false},"excerpt":{"rendered":"<p>En el Museo de la Ciudad se realiz\u00f3 una jornada conmemorativa que lleva el nombre de \u201cSemana por la Memoria, la Verdad y la Justicia\u201d. Tiene como eje fundamental la relaci\u00f3n directa&#8230;<\/p>\n","protected":false},"author":2,"featured_media":73,"comment_status":"open","ping_status":"open","sticky":false,"template":"","format":"standard","meta":{"footnotes":""},"categories":[7,5],"tags":[],"class_list":["post-72","post","type-post","status-publish","format-standard","has-post-thumbnail","hentry","category-cultura","category-politica_local"],"_links":{"self":[{"href":"https:\/\/emisoracolon.com.ar\/index.php\/wp-json\/wp\/v2\/posts\/72","targetHints":{"allow":["GET"]}}],"collection":[{"href":"https:\/\/emisoracolon.com.ar\/index.php\/wp-json\/wp\/v2\/posts"}],"about":[{"href":"https:\/\/emisoracolon.com.ar\/index.php\/wp-json\/wp\/v2\/types\/post"}],"author":[{"embeddable":true,"href":"https:\/\/emisoracolon.com.ar\/index.php\/wp-json\/wp\/v2\/users\/2"}],"replies":[{"embeddable":true,"href":"https:\/\/emisoracolon.com.ar\/index.php\/wp-json\/wp\/v2\/comments?post=72"}],"version-history":[{"count":1,"href":"https:\/\/emisoracolon.com.ar\/index.php\/wp-json\/wp\/v2\/posts\/72\/revisions"}],"predecessor-version":[{"id":74,"href":"https:\/\/emisoracolon.com.ar\/index.php\/wp-json\/wp\/v2\/posts\/72\/revisions\/74"}],"wp:featuredmedia":[{"embeddable":true,"href":"https:\/\/emisoracolon.com.ar\/index.php\/wp-json\/wp\/v2\/media\/73"}],"wp:attachment":[{"href":"https:\/\/emisoracolon.com.ar\/index.php\/wp-json\/wp\/v2\/media?parent=72"}],"wp:term":[{"taxonomy":"category","embeddable":true,"href":"https:\/\/emisoracolon.com.ar\/index.php\/wp-json\/wp\/v2\/categories?post=72"},{"taxonomy":"post_tag","embeddable":true,"href":"https:\/\/emisoracolon.com.ar\/index.php\/wp-json\/wp\/v2\/tags?post=72"}],"curies":[{"name":"wp","href":"https:\/\/api.w.org\/{rel}","templated":true}]}}