{"id":7196,"date":"2025-06-19T16:41:05","date_gmt":"2025-06-19T19:41:05","guid":{"rendered":"https:\/\/emisoracolon.com.ar\/?p=7196"},"modified":"2025-06-19T16:41:05","modified_gmt":"2025-06-19T19:41:05","slug":"visitas-al-intendente","status":"publish","type":"post","link":"https:\/\/emisoracolon.com.ar\/index.php\/2025\/06\/19\/visitas-al-intendente\/","title":{"rendered":"Visitas al intendente"},"content":{"rendered":"\n<p>La informaci\u00f3n ofrecida por la Municipalidad hoy jueves da cuenta que \u201cesta ma\u00f1ana, el intendente Waldemar Giordano recibi\u00f3 con alegr\u00eda la visita de las ni\u00f1as y ni\u00f1os del Jard\u00edn Maternal &#8220;Personitas&#8221;, quienes, en el marco del D\u00eda de la Bandera, le entregaron presentes realizados con sus propias manos. Con ternura y entusiasmo, compartieron un emotivo momento que reflej\u00f3 el amor por los colores patrios y el compromiso de la comunidad educativa\u201d.<\/p>\n","protected":false},"excerpt":{"rendered":"<p>La informaci\u00f3n ofrecida por la Municipalidad hoy jueves da cuenta que \u201cesta ma\u00f1ana, el intendente Waldemar Giordano recibi\u00f3 con alegr\u00eda la visita de las ni\u00f1as y ni\u00f1os del Jard\u00edn Maternal &#8220;Personitas&#8221;, quienes,&#8230;<\/p>\n","protected":false},"author":1,"featured_media":7197,"comment_status":"open","ping_status":"open","sticky":false,"template":"","format":"standard","meta":{"footnotes":""},"categories":[3],"tags":[],"class_list":["post-7196","post","type-post","status-publish","format-standard","has-post-thumbnail","hentry","category-general"],"_links":{"self":[{"href":"https:\/\/emisoracolon.com.ar\/index.php\/wp-json\/wp\/v2\/posts\/7196","targetHints":{"allow":["GET"]}}],"collection":[{"href":"https:\/\/emisoracolon.com.ar\/index.php\/wp-json\/wp\/v2\/posts"}],"about":[{"href":"https:\/\/emisoracolon.com.ar\/index.php\/wp-json\/wp\/v2\/types\/post"}],"author":[{"embeddable":true,"href":"https:\/\/emisoracolon.com.ar\/index.php\/wp-json\/wp\/v2\/users\/1"}],"replies":[{"embeddable":true,"href":"https:\/\/emisoracolon.com.ar\/index.php\/wp-json\/wp\/v2\/comments?post=7196"}],"version-history":[{"count":1,"href":"https:\/\/emisoracolon.com.ar\/index.php\/wp-json\/wp\/v2\/posts\/7196\/revisions"}],"predecessor-version":[{"id":7198,"href":"https:\/\/emisoracolon.com.ar\/index.php\/wp-json\/wp\/v2\/posts\/7196\/revisions\/7198"}],"wp:featuredmedia":[{"embeddable":true,"href":"https:\/\/emisoracolon.com.ar\/index.php\/wp-json\/wp\/v2\/media\/7197"}],"wp:attachment":[{"href":"https:\/\/emisoracolon.com.ar\/index.php\/wp-json\/wp\/v2\/media?parent=7196"}],"wp:term":[{"taxonomy":"category","embeddable":true,"href":"https:\/\/emisoracolon.com.ar\/index.php\/wp-json\/wp\/v2\/categories?post=7196"},{"taxonomy":"post_tag","embeddable":true,"href":"https:\/\/emisoracolon.com.ar\/index.php\/wp-json\/wp\/v2\/tags?post=7196"}],"curies":[{"name":"wp","href":"https:\/\/api.w.org\/{rel}","templated":true}]}}