{"id":7191,"date":"2025-06-18T17:42:51","date_gmt":"2025-06-18T20:42:51","guid":{"rendered":"https:\/\/emisoracolon.com.ar\/?p=7191"},"modified":"2025-06-18T17:42:51","modified_gmt":"2025-06-18T20:42:51","slug":"las-bibliotecas-populares-y-la-crisis-actual","status":"publish","type":"post","link":"https:\/\/emisoracolon.com.ar\/index.php\/2025\/06\/18\/las-bibliotecas-populares-y-la-crisis-actual\/","title":{"rendered":"Las bibliotecas populares y la crisis actual"},"content":{"rendered":"\n<p>Las bibliotecas populares en Argentina cumplen un rol mucho m\u00e1s amplio que el acceso a libros: responden a emergencias alimentarias, brindan contenci\u00f3n social, ofrecen talleres y permiten que j\u00f3venes y adultos terminen la primaria y secundaria. Sin embargo, hoy est\u00e1n en riesgo por los recortes presupuestarios impulsados por el Gobierno nacional.<\/p>\n\n\n\n<p>El periodista Osvaldo Aguirre, exvecino de Col\u00f3n, retrata esta situaci\u00f3n en una nota publicada en la revista Acci\u00f3n, destacando el caso de la Biblioteca Campo Verde, en Jujuy. Fundada tras la crisis de 2001, combina espacio cultural, comedor y talleres productivos. Su presidenta, Mar\u00eda Liz Mart\u00ednez, advierte que el reciente decreto 345\/2025 degrad\u00f3 a la CONABIP (Comisi\u00f3n Nacional Protectora de Bibliotecas Populares), quit\u00e1ndole autonom\u00eda y debilitando su funci\u00f3n de apoyo a estas instituciones.<\/p>\n\n\n\n<p>Otras bibliotecas populares, como La C\u00e1rcova en Jos\u00e9 Le\u00f3n Su\u00e1rez, enfrentan una realidad similar: con estructuras autogestionadas, en barrios vulnerables, ofrecen formaci\u00f3n, merienda, acompa\u00f1amiento y oportunidades concretas a personas marginadas por el sistema. Pero sin recursos, muchas corren riesgo de cerrar.<\/p>\n\n\n\n<p>Referentes del sector denuncian el vaciamiento del Estado: el presupuesto congelado, la suspensi\u00f3n de programas y la falta de respuestas de la CONABIP, antes clave en el sostenimiento de las bibliotecas. Frente a una crisis social y econ\u00f3mica profunda, sostienen que estas instituciones cumplen un rol crucial y que su debilitamiento atenta contra el tejido social de muchas comunidades.<\/p>\n\n\n\n<p>&#8212;&#8212;&#8212;&#8212;&#8212;&#8212;&#8212;&#8212;-<\/p>\n\n\n\n<p>El caso nacional y el rol de la Mariano Moreno en Col\u00f3n<\/p>\n\n\n\n<p>La reciente nota del periodista Osvaldo Aguirre en la revista Acci\u00f3n pone de relieve una realidad que tambi\u00e9n interpela a nuestra comunidad: el rol fundamental de las bibliotecas populares en contextos sociales complejos y el grave riesgo que enfrentan ante el recorte de recursos y el vaciamiento de pol\u00edticas p\u00fablicas.<\/p>\n\n\n\n<p>En su texto, Aguirre \u2013quien fue vecino de nuestra ciudad\u2013 relata la experiencia de la Biblioteca Popular Campo Verde, nacida en Jujuy tras la crisis del 2001, y que hoy, como muchas otras, enfrenta una situaci\u00f3n cr\u00edtica tras la degradaci\u00f3n de la CONABIP mediante el decreto 345\/2025. Esa comisi\u00f3n, creada en 1870 por Sarmiento, pierde su autonom\u00eda y capacidad de asistencia federal, justo en momentos donde las bibliotecas populares resultan esenciales en los barrios.<\/p>\n\n\n\n<p>En Col\u00f3n, la Biblioteca Popular Mariano Moreno, con m\u00e1s de 90 a\u00f1os de historia, es un ejemplo vivo de esa funci\u00f3n social. No s\u00f3lo brinda acceso libre y gratuito a libros y publicaciones, sino que ha sido hist\u00f3ricamente un espacio de encuentro, formaci\u00f3n, expresi\u00f3n art\u00edstica y acompa\u00f1amiento educativo. Talleres culturales, apoyo escolar, actividades con instituciones y ciclos literarios son solo algunas de las acciones que la Mariano Moreno sostiene con esfuerzo, apelando a la participaci\u00f3n de la comunidad y al compromiso de sus integrantes.<\/p>\n\n\n\n<p>Tal como ocurre en La C\u00e1rcova o en Campo Verde, la biblioteca colonense tambi\u00e9n se enfrenta a las dificultades cotidianas de subsistir sin apoyo sostenido: aumentos en los servicios, dificultades para renovar material bibliogr\u00e1fico, y la necesidad permanente de mantener la infraestructura en condiciones. Si bien cuenta con un fuerte arraigo en la comunidad, la falta de pol\u00edticas p\u00fablicas activas pone en jaque la posibilidad de seguir ampliando su tarea.<\/p>\n\n\n\n<p>Lo que plantea la nota de Aguirre no es ajeno a Col\u00f3n: la defensa de las bibliotecas populares no es solo una cuesti\u00f3n cultural, sino tambi\u00e9n profundamente social. Sostenerlas es sostener la democracia, la inclusi\u00f3n y el derecho al conocimiento.<\/p>\n","protected":false},"excerpt":{"rendered":"<p>Las bibliotecas populares en Argentina cumplen un rol mucho m\u00e1s amplio que el acceso a libros: responden a emergencias alimentarias, brindan contenci\u00f3n social, ofrecen talleres y permiten que j\u00f3venes y adultos terminen&#8230;<\/p>\n","protected":false},"author":1,"featured_media":7192,"comment_status":"open","ping_status":"open","sticky":false,"template":"","format":"standard","meta":{"footnotes":""},"categories":[7,3],"tags":[],"class_list":["post-7191","post","type-post","status-publish","format-standard","has-post-thumbnail","hentry","category-cultura","category-general"],"_links":{"self":[{"href":"https:\/\/emisoracolon.com.ar\/index.php\/wp-json\/wp\/v2\/posts\/7191","targetHints":{"allow":["GET"]}}],"collection":[{"href":"https:\/\/emisoracolon.com.ar\/index.php\/wp-json\/wp\/v2\/posts"}],"about":[{"href":"https:\/\/emisoracolon.com.ar\/index.php\/wp-json\/wp\/v2\/types\/post"}],"author":[{"embeddable":true,"href":"https:\/\/emisoracolon.com.ar\/index.php\/wp-json\/wp\/v2\/users\/1"}],"replies":[{"embeddable":true,"href":"https:\/\/emisoracolon.com.ar\/index.php\/wp-json\/wp\/v2\/comments?post=7191"}],"version-history":[{"count":1,"href":"https:\/\/emisoracolon.com.ar\/index.php\/wp-json\/wp\/v2\/posts\/7191\/revisions"}],"predecessor-version":[{"id":7193,"href":"https:\/\/emisoracolon.com.ar\/index.php\/wp-json\/wp\/v2\/posts\/7191\/revisions\/7193"}],"wp:featuredmedia":[{"embeddable":true,"href":"https:\/\/emisoracolon.com.ar\/index.php\/wp-json\/wp\/v2\/media\/7192"}],"wp:attachment":[{"href":"https:\/\/emisoracolon.com.ar\/index.php\/wp-json\/wp\/v2\/media?parent=7191"}],"wp:term":[{"taxonomy":"category","embeddable":true,"href":"https:\/\/emisoracolon.com.ar\/index.php\/wp-json\/wp\/v2\/categories?post=7191"},{"taxonomy":"post_tag","embeddable":true,"href":"https:\/\/emisoracolon.com.ar\/index.php\/wp-json\/wp\/v2\/tags?post=7191"}],"curies":[{"name":"wp","href":"https:\/\/api.w.org\/{rel}","templated":true}]}}