{"id":7188,"date":"2025-06-18T17:40:07","date_gmt":"2025-06-18T20:40:07","guid":{"rendered":"https:\/\/emisoracolon.com.ar\/?p=7188"},"modified":"2025-06-18T17:40:07","modified_gmt":"2025-06-18T20:40:07","slug":"modulos-escolares","status":"publish","type":"post","link":"https:\/\/emisoracolon.com.ar\/index.php\/2025\/06\/18\/modulos-escolares\/","title":{"rendered":"M\u00f3dulos escolares"},"content":{"rendered":"\n<p>La Inspectora Vanina Villavicencio entreg\u00f3 m\u00f3dulos a escuelas secundarias del distrito<\/p>\n\n\n\n<p>En las \u00faltimas horas, la Inspectora Jefa Distrital, Vanina Villavicencio, llev\u00f3 a cabo la entrega de m\u00f3dulos de Nivel Secundario a dos establecimientos educativos del partido. La entrega estuvo destinada a fortalecer propuestas pedag\u00f3gicas espec\u00edficas para el \u00faltimo a\u00f1o de cursada en distintas orientaciones.<\/p>\n\n\n\n<p>Los m\u00f3dulos fueron recibidos por las directoras Silvana Serra, de la Escuela de Educaci\u00f3n Secundaria N\u00b0 1, y Mar\u00eda Jos\u00e9 Zoya, de la Escuela de Educaci\u00f3n Secundaria N\u00b0 5.<\/p>\n\n\n\n<p>En detalle, se entregaron nueve m\u00f3dulos a la Escuela Secundaria N\u00b0 1, Extensi\u00f3n 2010 de Sarasa, destinados a estudiantes de 6\u00b0 a\u00f1o de la modalidad Bachiller en Turismo. Por su parte, la Escuela Secundaria N\u00b0 5 recibi\u00f3 dos m\u00f3dulos correspondientes al 6\u00b0 a\u00f1o de la orientaci\u00f3n Educaci\u00f3n F\u00edsica.<\/p>\n\n\n\n<p>Desde la Jefatura Distrital se destac\u00f3 que estos m\u00f3dulos buscan consolidar el trabajo en \u00e1reas espec\u00edficas y acompa\u00f1ar la finalizaci\u00f3n del trayecto educativo con herramientas adecuadas. En ese sentido, se record\u00f3 que en el marco de la Escuela P\u00fablica de la Provincia de Buenos Aires, la educaci\u00f3n contin\u00faa siendo una prioridad central.<\/p>\n\n\n\n<p>Cabe se\u00f1alar que los m\u00f3dulos entregados incluyen actividades, recursos y propuestas pedag\u00f3gicas adaptadas para facilitar el proceso de ense\u00f1anza y aprendizaje, y en algunos casos permiten organizar los contenidos curriculares en unidades m\u00e1s accesibles para docentes y alumnos.<\/p>\n","protected":false},"excerpt":{"rendered":"<p>La Inspectora Vanina Villavicencio entreg\u00f3 m\u00f3dulos a escuelas secundarias del distrito En las \u00faltimas horas, la Inspectora Jefa Distrital, Vanina Villavicencio, llev\u00f3 a cabo la entrega de m\u00f3dulos de Nivel Secundario a&#8230;<\/p>\n","protected":false},"author":1,"featured_media":7189,"comment_status":"open","ping_status":"open","sticky":false,"template":"","format":"standard","meta":{"footnotes":""},"categories":[3],"tags":[],"class_list":["post-7188","post","type-post","status-publish","format-standard","has-post-thumbnail","hentry","category-general"],"_links":{"self":[{"href":"https:\/\/emisoracolon.com.ar\/index.php\/wp-json\/wp\/v2\/posts\/7188","targetHints":{"allow":["GET"]}}],"collection":[{"href":"https:\/\/emisoracolon.com.ar\/index.php\/wp-json\/wp\/v2\/posts"}],"about":[{"href":"https:\/\/emisoracolon.com.ar\/index.php\/wp-json\/wp\/v2\/types\/post"}],"author":[{"embeddable":true,"href":"https:\/\/emisoracolon.com.ar\/index.php\/wp-json\/wp\/v2\/users\/1"}],"replies":[{"embeddable":true,"href":"https:\/\/emisoracolon.com.ar\/index.php\/wp-json\/wp\/v2\/comments?post=7188"}],"version-history":[{"count":1,"href":"https:\/\/emisoracolon.com.ar\/index.php\/wp-json\/wp\/v2\/posts\/7188\/revisions"}],"predecessor-version":[{"id":7190,"href":"https:\/\/emisoracolon.com.ar\/index.php\/wp-json\/wp\/v2\/posts\/7188\/revisions\/7190"}],"wp:featuredmedia":[{"embeddable":true,"href":"https:\/\/emisoracolon.com.ar\/index.php\/wp-json\/wp\/v2\/media\/7189"}],"wp:attachment":[{"href":"https:\/\/emisoracolon.com.ar\/index.php\/wp-json\/wp\/v2\/media?parent=7188"}],"wp:term":[{"taxonomy":"category","embeddable":true,"href":"https:\/\/emisoracolon.com.ar\/index.php\/wp-json\/wp\/v2\/categories?post=7188"},{"taxonomy":"post_tag","embeddable":true,"href":"https:\/\/emisoracolon.com.ar\/index.php\/wp-json\/wp\/v2\/tags?post=7188"}],"curies":[{"name":"wp","href":"https:\/\/api.w.org\/{rel}","templated":true}]}}