{"id":7186,"date":"2025-06-18T17:36:09","date_gmt":"2025-06-18T20:36:09","guid":{"rendered":"https:\/\/emisoracolon.com.ar\/?p=7186"},"modified":"2025-06-18T17:36:09","modified_gmt":"2025-06-18T20:36:09","slug":"adonde-va-el-agua","status":"publish","type":"post","link":"https:\/\/emisoracolon.com.ar\/index.php\/2025\/06\/18\/adonde-va-el-agua\/","title":{"rendered":"\u00bfAd\u00f3nde va el agua?"},"content":{"rendered":"\n<p>Durante una reciente sesi\u00f3n del Concejo Deliberante, el concejal N\u00e9stor Iacci, del bloque Juntos por el Cambio, expuso una seria preocupaci\u00f3n sobre la situaci\u00f3n del agua potable en la ciudad de Col\u00f3n. Compar\u00f3 el funcionamiento del sistema local con el de otras ciudades y concluy\u00f3 que hay un desbalance que requiere atenci\u00f3n urgente.<\/p>\n\n\n\n<p>\u201cCiudades con el doble de habitantes que Col\u00f3n tienen apenas ocho bombas extractoras que abastecen a 60.000 personas. Incluso hay dos de esas bombas que se apagan durante dos meses para permitir la recuperaci\u00f3n de las napas. Es decir, seis bombas funcionan regularmente para toda esa poblaci\u00f3n\u201d, explic\u00f3 Iacci.<\/p>\n\n\n\n<p>Frente a ese panorama, advirti\u00f3: \u201cNosotros ac\u00e1 tenemos 24 bombas y no dan abasto. Quiere decir que algo no est\u00e1 bien\u201d.<\/p>\n\n\n\n<p>Ante esta situaci\u00f3n, el edil hizo un llamado a todos los bloques que integran el cuerpo legislativo para asumir una responsabilidad compartida en la b\u00fasqueda de soluciones duraderas. \u201cTenemos que ponernos de acuerdo quienes aspiramos a conducir los destinos de Col\u00f3n. Es necesario elaborar un plan integral para el agua corriente y las cloacas que permita resolver los problemas de fondo\u201d, manifest\u00f3.<\/p>\n\n\n\n<p>Iacci subray\u00f3 que se trata de un trabajo que demandar\u00e1 tiempo, inversi\u00f3n y compromiso pol\u00edtico, pero insisti\u00f3 en que es el momento de actuar. \u201cNo podemos seguir esperando que esto se siga repitiendo. Si no se toman medidas, los colomenses vamos a sufrir cada vez m\u00e1s las consecuencias de este problema\u201d, concluy\u00f3.<\/p>\n","protected":false},"excerpt":{"rendered":"<p>Durante una reciente sesi\u00f3n del Concejo Deliberante, el concejal N\u00e9stor Iacci, del bloque Juntos por el Cambio, expuso una seria preocupaci\u00f3n sobre la situaci\u00f3n del agua potable en la ciudad de Col\u00f3n&#8230;.<\/p>\n","protected":false},"author":1,"featured_media":4313,"comment_status":"open","ping_status":"open","sticky":false,"template":"","format":"standard","meta":{"footnotes":""},"categories":[3],"tags":[],"class_list":["post-7186","post","type-post","status-publish","format-standard","has-post-thumbnail","hentry","category-general"],"_links":{"self":[{"href":"https:\/\/emisoracolon.com.ar\/index.php\/wp-json\/wp\/v2\/posts\/7186","targetHints":{"allow":["GET"]}}],"collection":[{"href":"https:\/\/emisoracolon.com.ar\/index.php\/wp-json\/wp\/v2\/posts"}],"about":[{"href":"https:\/\/emisoracolon.com.ar\/index.php\/wp-json\/wp\/v2\/types\/post"}],"author":[{"embeddable":true,"href":"https:\/\/emisoracolon.com.ar\/index.php\/wp-json\/wp\/v2\/users\/1"}],"replies":[{"embeddable":true,"href":"https:\/\/emisoracolon.com.ar\/index.php\/wp-json\/wp\/v2\/comments?post=7186"}],"version-history":[{"count":1,"href":"https:\/\/emisoracolon.com.ar\/index.php\/wp-json\/wp\/v2\/posts\/7186\/revisions"}],"predecessor-version":[{"id":7187,"href":"https:\/\/emisoracolon.com.ar\/index.php\/wp-json\/wp\/v2\/posts\/7186\/revisions\/7187"}],"wp:featuredmedia":[{"embeddable":true,"href":"https:\/\/emisoracolon.com.ar\/index.php\/wp-json\/wp\/v2\/media\/4313"}],"wp:attachment":[{"href":"https:\/\/emisoracolon.com.ar\/index.php\/wp-json\/wp\/v2\/media?parent=7186"}],"wp:term":[{"taxonomy":"category","embeddable":true,"href":"https:\/\/emisoracolon.com.ar\/index.php\/wp-json\/wp\/v2\/categories?post=7186"},{"taxonomy":"post_tag","embeddable":true,"href":"https:\/\/emisoracolon.com.ar\/index.php\/wp-json\/wp\/v2\/tags?post=7186"}],"curies":[{"name":"wp","href":"https:\/\/api.w.org\/{rel}","templated":true}]}}