{"id":7184,"date":"2025-06-18T17:35:26","date_gmt":"2025-06-18T20:35:26","guid":{"rendered":"https:\/\/emisoracolon.com.ar\/?p=7184"},"modified":"2025-06-18T17:35:26","modified_gmt":"2025-06-18T20:35:26","slug":"ampliacion-de-las-redes-de-energia","status":"publish","type":"post","link":"https:\/\/emisoracolon.com.ar\/index.php\/2025\/06\/18\/ampliacion-de-las-redes-de-energia\/","title":{"rendered":"Ampliaci\u00f3n de las redes de energ\u00eda"},"content":{"rendered":"\n<p>Inform\u00f3 la Cooperativa El\u00e9ctrica el tendido de sus redes que las que acompa\u00f1an el desarrollo local.<\/p>\n\n\n\n<p>Anunciaron el comienzo de la construcci\u00f3n de la nueva l\u00ednea el\u00e9ctrica de baja tensi\u00f3n para abastecer al loteo ubicado en calle 60, entre Bv. 17 y 19, un avance que no solo lleva energ\u00eda, sino tambi\u00e9n progreso a una zona que sigue creciendo.<\/p>\n\n\n\n<p>Desde la Cooperativa anuncia el trabajo diario \u201cpara que cada nuevo proyecto cuente con un servicio seguro, confiable y sostenible\u201d.<\/p>\n","protected":false},"excerpt":{"rendered":"<p>Inform\u00f3 la Cooperativa El\u00e9ctrica el tendido de sus redes que las que acompa\u00f1an el desarrollo local. Anunciaron el comienzo de la construcci\u00f3n de la nueva l\u00ednea el\u00e9ctrica de baja tensi\u00f3n para abastecer&#8230;<\/p>\n","protected":false},"author":1,"featured_media":2562,"comment_status":"open","ping_status":"open","sticky":false,"template":"","format":"standard","meta":{"footnotes":""},"categories":[3],"tags":[],"class_list":["post-7184","post","type-post","status-publish","format-standard","has-post-thumbnail","hentry","category-general"],"_links":{"self":[{"href":"https:\/\/emisoracolon.com.ar\/index.php\/wp-json\/wp\/v2\/posts\/7184","targetHints":{"allow":["GET"]}}],"collection":[{"href":"https:\/\/emisoracolon.com.ar\/index.php\/wp-json\/wp\/v2\/posts"}],"about":[{"href":"https:\/\/emisoracolon.com.ar\/index.php\/wp-json\/wp\/v2\/types\/post"}],"author":[{"embeddable":true,"href":"https:\/\/emisoracolon.com.ar\/index.php\/wp-json\/wp\/v2\/users\/1"}],"replies":[{"embeddable":true,"href":"https:\/\/emisoracolon.com.ar\/index.php\/wp-json\/wp\/v2\/comments?post=7184"}],"version-history":[{"count":1,"href":"https:\/\/emisoracolon.com.ar\/index.php\/wp-json\/wp\/v2\/posts\/7184\/revisions"}],"predecessor-version":[{"id":7185,"href":"https:\/\/emisoracolon.com.ar\/index.php\/wp-json\/wp\/v2\/posts\/7184\/revisions\/7185"}],"wp:featuredmedia":[{"embeddable":true,"href":"https:\/\/emisoracolon.com.ar\/index.php\/wp-json\/wp\/v2\/media\/2562"}],"wp:attachment":[{"href":"https:\/\/emisoracolon.com.ar\/index.php\/wp-json\/wp\/v2\/media?parent=7184"}],"wp:term":[{"taxonomy":"category","embeddable":true,"href":"https:\/\/emisoracolon.com.ar\/index.php\/wp-json\/wp\/v2\/categories?post=7184"},{"taxonomy":"post_tag","embeddable":true,"href":"https:\/\/emisoracolon.com.ar\/index.php\/wp-json\/wp\/v2\/tags?post=7184"}],"curies":[{"name":"wp","href":"https:\/\/api.w.org\/{rel}","templated":true}]}}