{"id":7176,"date":"2025-06-17T16:41:46","date_gmt":"2025-06-17T19:41:46","guid":{"rendered":"https:\/\/emisoracolon.com.ar\/?p=7176"},"modified":"2025-06-17T16:41:46","modified_gmt":"2025-06-17T19:41:46","slug":"marcelo-villa-cuestiono-con-dureza-al-ejecutivo-el-pero-de-todo-siempre-es-milei","status":"publish","type":"post","link":"https:\/\/emisoracolon.com.ar\/index.php\/2025\/06\/17\/marcelo-villa-cuestiono-con-dureza-al-ejecutivo-el-pero-de-todo-siempre-es-milei\/","title":{"rendered":"Marcelo Villa cuestion\u00f3 con dureza al Ejecutivo: \u201cEl pero de todo siempre es Milei\u201d"},"content":{"rendered":"\n<p>El concejal opositor critic\u00f3 la gesti\u00f3n municipal por su falta de respuestas ante temas clave como la seguridad, el tr\u00e1nsito y la transparencia. Tambi\u00e9n se refiri\u00f3 al Plan Reparar y adelant\u00f3 el perfil electoral del radicalismo de cara a las pr\u00f3ximas elecciones.<\/p>\n\n\n\n<p>Violencia juvenil y seguridad: \u201cNo queremos otro Villa Gesell\u201d<\/p>\n\n\n\n<p>Marcelo Villa expres\u00f3 su preocupaci\u00f3n por una reciente pelea callejera ocurrida en 16 y 47, luego de la salida de un boliche. \u201cSi realmente golpearon a alguien hasta sacarle los dientes, eso es grav\u00edsimo\u201d, dijo. Afirm\u00f3 que los concejales intentar\u00e1n hablar con la directora de Seguridad del municipio y pidi\u00f3 una mayor intervenci\u00f3n de la polic\u00eda local.<\/p>\n\n\n\n<p>\u201cNo queremos otro \u2018Villa Gesell\u2019. Primero deben actuar los padres, y luego el Estado\u201d, sostuvo. Tambi\u00e9n remarc\u00f3 la necesidad de ordenar el espacio p\u00fablico ante los reiterados episodios de violencia juvenil y descontrol.<\/p>\n\n\n\n<p>Tr\u00e1nsito: propuesta para agilizar allanamientos y controlar infracciones<\/p>\n\n\n\n<p>Villa destac\u00f3 el proyecto de ordenanza que impulsa su bloque para que el Juzgado de Faltas local pueda autorizar allanamientos por infracciones de tr\u00e1nsito, sin depender de la justicia ordinaria. \u201cNo queremos una casa de brujas, esto debe ser serio, con pruebas, testigos y colaboraci\u00f3n policial\u201d, aclar\u00f3.<\/p>\n\n\n\n<p>Adem\u00e1s, propuso incorporar tecnolog\u00eda como drones para registrar infracciones sin necesidad de persecuciones: \u201cNo hay que correr a nadie, hay que ir con inteligencia y herramientas modernas\u201d.<\/p>\n\n\n\n<p>Cr\u00edticas a la gesti\u00f3n de Giuli y falta de apoyo al \u00e1rea de Tr\u00e1nsito<\/p>\n\n\n\n<p>Si bien reconoci\u00f3 el esfuerzo del concejal Gonzalo Giuli al frente del \u00e1rea de Tr\u00e1nsito, Villa subray\u00f3 que le falta respaldo del Ejecutivo. \u201cNo se trata de meter m\u00e1s gente, sino de reorganizar al personal para que funcione la seguridad vial\u201d, opin\u00f3.<\/p>\n\n\n\n<p>Tambi\u00e9n manifest\u00f3 su desacuerdo con quienes sostienen que el gobierno hace todo lo posible: \u201cPodemos coincidir en el diagn\u00f3stico, pero no en que el Ejecutivo est\u00e9 haciendo lo suficiente\u201d.<\/p>\n\n\n\n<p>Transparencia y traspaso de gesti\u00f3n: \u201cQueremos saber la verdad\u201d<\/p>\n\n\n\n<p>Villa volvi\u00f3 a reclamar informaci\u00f3n sobre el estado financiero del municipio al momento del cambio de gesti\u00f3n. \u201cHace m\u00e1s de un a\u00f1o que pedimos explicaciones. Hay un acta con m\u00e1s de 500 millones transferidos, pero no sabemos m\u00e1s nada\u201d, indic\u00f3.<\/p>\n\n\n\n<p>Afirm\u00f3 que la oposici\u00f3n no busca \u201capuntar con el dedo\u201d, sino que se diga la verdad: \u201cHemos pedido datos en el recinto, en los medios y por nota. Nunca nos contestaron\u201d.<\/p>\n\n\n\n<p>El Plan Reparar y el rechazo al impuesto al combustible<\/p>\n\n\n\n<p>Consultado por el plan de reparaci\u00f3n de calles, Villa fue claro: \u201cEst\u00e1n arreglando pozos, s\u00ed, pero algunos los taparon dos o tres veces porque lo hicieron mal. Y no estamos de acuerdo con el impuesto a los combustibles. Es inconstitucional y por eso lo llevamos a la justicia\u201d.<\/p>\n\n\n\n<p>Tambi\u00e9n critic\u00f3 la falta de eficiencia del municipio: \u201cLa cooperativa el\u00e9ctrica hace los arreglos mejor que el Ejecutivo. La diferencia se nota\u201d.<\/p>\n\n\n\n<p>Perspectiva pol\u00edtica: \u201cNo nos ver\u00e1n ni con Milei ni con el otro extremo\u201d<\/p>\n\n\n\n<p>De cara al calendario electoral, Villa afirm\u00f3 que el radicalismo buscar\u00e1 construir una alternativa desde el centro: \u201cVamos a abrir las puertas a los independientes. No vamos a acompa\u00f1ar a Milei ni a ning\u00fan extremo\u201d.<\/p>\n\n\n\n<p>Para cerrar, cuestion\u00f3 la actitud del oficialismo: \u201cEste es un gobierno municipal de la queja y del \u2018pero\u2019. Hay que tener la rienda firme para gobernar, no excusas\u201d.<\/p>\n","protected":false},"excerpt":{"rendered":"<p>El concejal opositor critic\u00f3 la gesti\u00f3n municipal por su falta de respuestas ante temas clave como la seguridad, el tr\u00e1nsito y la transparencia. Tambi\u00e9n se refiri\u00f3 al Plan Reparar y adelant\u00f3 el&#8230;<\/p>\n","protected":false},"author":1,"featured_media":4339,"comment_status":"open","ping_status":"open","sticky":false,"template":"","format":"standard","meta":{"footnotes":""},"categories":[3,5],"tags":[],"class_list":["post-7176","post","type-post","status-publish","format-standard","has-post-thumbnail","hentry","category-general","category-politica_local"],"_links":{"self":[{"href":"https:\/\/emisoracolon.com.ar\/index.php\/wp-json\/wp\/v2\/posts\/7176","targetHints":{"allow":["GET"]}}],"collection":[{"href":"https:\/\/emisoracolon.com.ar\/index.php\/wp-json\/wp\/v2\/posts"}],"about":[{"href":"https:\/\/emisoracolon.com.ar\/index.php\/wp-json\/wp\/v2\/types\/post"}],"author":[{"embeddable":true,"href":"https:\/\/emisoracolon.com.ar\/index.php\/wp-json\/wp\/v2\/users\/1"}],"replies":[{"embeddable":true,"href":"https:\/\/emisoracolon.com.ar\/index.php\/wp-json\/wp\/v2\/comments?post=7176"}],"version-history":[{"count":1,"href":"https:\/\/emisoracolon.com.ar\/index.php\/wp-json\/wp\/v2\/posts\/7176\/revisions"}],"predecessor-version":[{"id":7177,"href":"https:\/\/emisoracolon.com.ar\/index.php\/wp-json\/wp\/v2\/posts\/7176\/revisions\/7177"}],"wp:featuredmedia":[{"embeddable":true,"href":"https:\/\/emisoracolon.com.ar\/index.php\/wp-json\/wp\/v2\/media\/4339"}],"wp:attachment":[{"href":"https:\/\/emisoracolon.com.ar\/index.php\/wp-json\/wp\/v2\/media?parent=7176"}],"wp:term":[{"taxonomy":"category","embeddable":true,"href":"https:\/\/emisoracolon.com.ar\/index.php\/wp-json\/wp\/v2\/categories?post=7176"},{"taxonomy":"post_tag","embeddable":true,"href":"https:\/\/emisoracolon.com.ar\/index.php\/wp-json\/wp\/v2\/tags?post=7176"}],"curies":[{"name":"wp","href":"https:\/\/api.w.org\/{rel}","templated":true}]}}