{"id":7174,"date":"2025-06-17T16:41:04","date_gmt":"2025-06-17T19:41:04","guid":{"rendered":"https:\/\/emisoracolon.com.ar\/?p=7174"},"modified":"2025-06-17T16:41:04","modified_gmt":"2025-06-17T19:41:04","slug":"dos-robos-en-15-horas-y-una-preocupante-falta-de-vigilancia-en-pleno-centro","status":"publish","type":"post","link":"https:\/\/emisoracolon.com.ar\/index.php\/2025\/06\/17\/dos-robos-en-15-horas-y-una-preocupante-falta-de-vigilancia-en-pleno-centro\/","title":{"rendered":"Dos robos en 15 horas y una preocupante falta de vigilancia en pleno centro"},"content":{"rendered":"\n<p>Un comercio de indumentaria ubicado en el centro de la ciudad fue v\u00edctima de dos robos con apenas quince horas de diferencia, dejando al descubierto la preocupante falta de control y vigilancia en una zona donde la circulaci\u00f3n de fuerzas de seguridad deber\u00eda ser constante.<\/p>\n\n\n\n<p>El primer hecho ocurri\u00f3 alrededor de la 1:30 de la madrugada, cuando desconocidos rompieron el vidrio de la puerta del local y sustrajeron dinero en efectivo y algunas prendas. Lo m\u00e1s alarmante es que el vidrio roto permaneci\u00f3 as\u00ed durante m\u00e1s de siete horas, hasta que las propietarias llegaron al comercio cerca de las 8:30 y descubrieron lo ocurrido. Nadie, ni la polic\u00eda ni la guardia urbana, advirti\u00f3 la situaci\u00f3n a pesar de que el local est\u00e1 ubicado en una zona c\u00e9ntrica y transitada.<\/p>\n\n\n\n<p>Ese mismo d\u00eda, durante la tarde-noche, el comercio volvi\u00f3 a ser blanco de un segundo robo. En esta ocasi\u00f3n, los delincuentes rompieron la vidriera y se llevaron una computadora, pilas de buzos, jeans, remeras y una gran cantidad de mercader\u00eda para hombres, justo en v\u00edsperas del D\u00eda del Padre, uno de los momentos de mayor venta del a\u00f1o.<\/p>\n\n\n\n<p>El perjuicio econ\u00f3mico fue muy importante, pero el da\u00f1o emocional y la impotencia por la falta de respuesta preventiva agrava la situaci\u00f3n. Las comerciantes no solo perdieron mercader\u00eda y dinero, sino ta<\/p>\n\n\n\n<p><strong>17\/06\/25 Dos robos en el centro y una ausencia que duele m\u00e1s que el vidrio roto<\/strong><\/p>\n\n\n\n<p>Hay algo m\u00e1s grave que sufrir un robo: sufrir dos en menos de 15 horas y comprobar, con desoladora claridad, que nadie cuida lo que deber\u00eda ser de todos.<\/p>\n\n\n\n<p>Lo que ocurri\u00f3 en el local de indumentaria del centro no es solamente una secuencia de delitos; es un reflejo de una ciudad que parece haber soltado el tim\u00f3n en materia de prevenci\u00f3n. El primer robo ocurri\u00f3 a la 1:30 de la madrugada. El vidrio roto qued\u00f3 a la vista, en pleno coraz\u00f3n urbano, durante m\u00e1s de siete horas. Nadie lo not\u00f3. O peor: nadie lo report\u00f3. Ni patrulleros, ni m\u00f3viles de la guardia urbana, ni agentes caminando. \u00bfQu\u00e9 hacen, entonces, quienes tienen a cargo la seguridad?<\/p>\n\n\n\n<p>No es una exageraci\u00f3n decir que la falta de vigilancia permiti\u00f3 el segundo robo. El primero fue un aviso. El segundo, una confirmaci\u00f3n de que la impunidad camina c\u00f3moda por las veredas del centro.<\/p>\n\n\n\n<p>El golpe econ\u00f3mico es tremendo. Las comerciantes perdieron una enorme cantidad de mercader\u00eda justo antes del D\u00eda del Padre, una de las fechas m\u00e1s importantes para las ventas del rubro. Pero el golpe emocional es a\u00fan mayor: la certeza de que est\u00e1n solas, que ni siquiera una vidriera destrozada es suficiente para activar una alarma.<\/p>\n\n\n\n<p>Una persona fue detenida y parte del bot\u00edn fue recuperado. Pero la herida no se cura solo con una detenci\u00f3n. Hay un da\u00f1o m\u00e1s profundo que deja este episodio: la confianza rota. Porque mientras el vidrio puede reponerse, lo que parece quebrado es el compromiso con la seguridad cotidiana.<\/p>\n\n\n\n<p>La prevenci\u00f3n no puede ser solo un eslogan. Se trata de recorrer, observar, intervenir. De estar. No se trata de llegar despu\u00e9s, sino de evitar que las cosas pasen. Ese, claramente, no es el camino que estamos viendo.<\/p>\n","protected":false},"excerpt":{"rendered":"<p>Un comercio de indumentaria ubicado en el centro de la ciudad fue v\u00edctima de dos robos con apenas quince horas de diferencia, dejando al descubierto la preocupante falta de control y vigilancia&#8230;<\/p>\n","protected":false},"author":1,"featured_media":4964,"comment_status":"open","ping_status":"open","sticky":false,"template":"","format":"standard","meta":{"footnotes":""},"categories":[3],"tags":[],"class_list":["post-7174","post","type-post","status-publish","format-standard","has-post-thumbnail","hentry","category-general"],"_links":{"self":[{"href":"https:\/\/emisoracolon.com.ar\/index.php\/wp-json\/wp\/v2\/posts\/7174","targetHints":{"allow":["GET"]}}],"collection":[{"href":"https:\/\/emisoracolon.com.ar\/index.php\/wp-json\/wp\/v2\/posts"}],"about":[{"href":"https:\/\/emisoracolon.com.ar\/index.php\/wp-json\/wp\/v2\/types\/post"}],"author":[{"embeddable":true,"href":"https:\/\/emisoracolon.com.ar\/index.php\/wp-json\/wp\/v2\/users\/1"}],"replies":[{"embeddable":true,"href":"https:\/\/emisoracolon.com.ar\/index.php\/wp-json\/wp\/v2\/comments?post=7174"}],"version-history":[{"count":1,"href":"https:\/\/emisoracolon.com.ar\/index.php\/wp-json\/wp\/v2\/posts\/7174\/revisions"}],"predecessor-version":[{"id":7175,"href":"https:\/\/emisoracolon.com.ar\/index.php\/wp-json\/wp\/v2\/posts\/7174\/revisions\/7175"}],"wp:featuredmedia":[{"embeddable":true,"href":"https:\/\/emisoracolon.com.ar\/index.php\/wp-json\/wp\/v2\/media\/4964"}],"wp:attachment":[{"href":"https:\/\/emisoracolon.com.ar\/index.php\/wp-json\/wp\/v2\/media?parent=7174"}],"wp:term":[{"taxonomy":"category","embeddable":true,"href":"https:\/\/emisoracolon.com.ar\/index.php\/wp-json\/wp\/v2\/categories?post=7174"},{"taxonomy":"post_tag","embeddable":true,"href":"https:\/\/emisoracolon.com.ar\/index.php\/wp-json\/wp\/v2\/tags?post=7174"}],"curies":[{"name":"wp","href":"https:\/\/api.w.org\/{rel}","templated":true}]}}