{"id":7157,"date":"2025-06-13T16:43:16","date_gmt":"2025-06-13T19:43:16","guid":{"rendered":"https:\/\/emisoracolon.com.ar\/?p=7157"},"modified":"2025-06-13T16:43:16","modified_gmt":"2025-06-13T19:43:16","slug":"alicia-franco-destaco-mejoras-en-el-arbolito-pero-iacci-cuestiono-su-mirada-parcial","status":"publish","type":"post","link":"https:\/\/emisoracolon.com.ar\/index.php\/2025\/06\/13\/alicia-franco-destaco-mejoras-en-el-arbolito-pero-iacci-cuestiono-su-mirada-parcial\/","title":{"rendered":"Alicia Franco destac\u00f3 mejoras en El Arbolito, pero Iacci cuestion\u00f3 su mirada parcial"},"content":{"rendered":"\n<p>Alicia Franco realiz\u00f3 recientemente una visita a la localidad de El Arbolito y comparti\u00f3 su impresi\u00f3n positiva sobre los avances observados. \u201cFui por el camino de tierra y, por eso mismo, ten\u00eda cosas buenas para destacar\u201d, expres\u00f3. Seg\u00fan relat\u00f3, el camino \u201cest\u00e1 muy bien, sin pozos, ensanchado, y ya no hay basural a cielo abierto apenas se deja la ruta 50\u201d. Tambi\u00e9n valor\u00f3 que \u201clas banquinas est\u00e1n limpias\u201d.<\/p>\n\n\n\n<p>Al llegar al pueblo, Franco subray\u00f3 que se encontr\u00f3 con mejoras notables: \u201cEn los dos pasoniveles de Arbolito han colocado RAP, tambi\u00e9n alrededor de la manzana de la escuela, que como s\u00e9 que es un tri\u00e1ngulo, me llam\u00f3 la atenci\u00f3n el trabajo realizado\u201d. Destac\u00f3 que las calles aleda\u00f1as a la escuela y al monte estaban en buen estado.<\/p>\n\n\n\n<p>Adem\u00e1s, visit\u00f3 la sala de primeros auxilios, donde dialog\u00f3 con la enfermera del lugar. \u201cMe dijo que el doctor Pi\u00f1eiro atiende los lunes y los viernes. Y al lado de la sala, sobre una calle lateral, est\u00e1n construyendo una sala de agua, algo muy importante para los habitantes de Arbolito\u201d, coment\u00f3.<\/p>\n\n\n\n<p>Franco tambi\u00e9n valor\u00f3 la gesti\u00f3n local: \u201cUna vecina me dijo que la delegada actual es alguien con quien se puede hablar, que escucha, y que est\u00e1 haciendo obras\u201d. Concluy\u00f3 remarcando que \u201cesta gesti\u00f3n gestiona, trabaja y hace cosas\u201d.<\/p>\n\n\n\n<p>Sin embargo, no todos comparten su visi\u00f3n. N\u00e9stor Iacci expres\u00f3 su desacuerdo: \u201cFranco vio solo una parte del pueblo, en el otro sector no se puede andar ni a caballo\u201d, se\u00f1al\u00f3, dejando entrever que a\u00fan persisten problemas en zonas no recorridas por la funcionaria.<\/p>\n","protected":false},"excerpt":{"rendered":"<p>Alicia Franco realiz\u00f3 recientemente una visita a la localidad de El Arbolito y comparti\u00f3 su impresi\u00f3n positiva sobre los avances observados. \u201cFui por el camino de tierra y, por eso mismo, ten\u00eda&#8230;<\/p>\n","protected":false},"author":1,"featured_media":2734,"comment_status":"open","ping_status":"open","sticky":false,"template":"","format":"standard","meta":{"footnotes":""},"categories":[3],"tags":[],"class_list":["post-7157","post","type-post","status-publish","format-standard","has-post-thumbnail","hentry","category-general"],"_links":{"self":[{"href":"https:\/\/emisoracolon.com.ar\/index.php\/wp-json\/wp\/v2\/posts\/7157","targetHints":{"allow":["GET"]}}],"collection":[{"href":"https:\/\/emisoracolon.com.ar\/index.php\/wp-json\/wp\/v2\/posts"}],"about":[{"href":"https:\/\/emisoracolon.com.ar\/index.php\/wp-json\/wp\/v2\/types\/post"}],"author":[{"embeddable":true,"href":"https:\/\/emisoracolon.com.ar\/index.php\/wp-json\/wp\/v2\/users\/1"}],"replies":[{"embeddable":true,"href":"https:\/\/emisoracolon.com.ar\/index.php\/wp-json\/wp\/v2\/comments?post=7157"}],"version-history":[{"count":1,"href":"https:\/\/emisoracolon.com.ar\/index.php\/wp-json\/wp\/v2\/posts\/7157\/revisions"}],"predecessor-version":[{"id":7158,"href":"https:\/\/emisoracolon.com.ar\/index.php\/wp-json\/wp\/v2\/posts\/7157\/revisions\/7158"}],"wp:featuredmedia":[{"embeddable":true,"href":"https:\/\/emisoracolon.com.ar\/index.php\/wp-json\/wp\/v2\/media\/2734"}],"wp:attachment":[{"href":"https:\/\/emisoracolon.com.ar\/index.php\/wp-json\/wp\/v2\/media?parent=7157"}],"wp:term":[{"taxonomy":"category","embeddable":true,"href":"https:\/\/emisoracolon.com.ar\/index.php\/wp-json\/wp\/v2\/categories?post=7157"},{"taxonomy":"post_tag","embeddable":true,"href":"https:\/\/emisoracolon.com.ar\/index.php\/wp-json\/wp\/v2\/tags?post=7157"}],"curies":[{"name":"wp","href":"https:\/\/api.w.org\/{rel}","templated":true}]}}