{"id":7155,"date":"2025-06-13T16:42:37","date_gmt":"2025-06-13T19:42:37","guid":{"rendered":"https:\/\/emisoracolon.com.ar\/?p=7155"},"modified":"2025-06-13T16:42:37","modified_gmt":"2025-06-13T19:42:37","slug":"por-cristina-y-la-democracia","status":"publish","type":"post","link":"https:\/\/emisoracolon.com.ar\/index.php\/2025\/06\/13\/por-cristina-y-la-democracia\/","title":{"rendered":"Por Cristina y la Democracia"},"content":{"rendered":"\n<p>Convocaron a los concejales a una sesi\u00f3n especial a los efectos de repudiar el fallo de la Corte Suprema de Justicia en la denominada Causa Vialidad en la que se condena a Cristina Fern\u00e1ndez de Kirchner y en defensa de la democracia.<\/p>\n\n\n\n<p>Se inform\u00f3 que el pedido fue realizado por Uni\u00f3n por la Patria y el bloque Juntos por Col\u00f3n y se sesi\u00f3n est\u00e1 anunciada para las 19:00 de hoy.<\/p>\n\n\n\n<p><strong>13\/06\/25 Los radicales no van<\/strong><\/p>\n\n\n\n<p>Conocida la convocatoria a sesi\u00f3n especial para hoy en el Concejo Deliberante anunci\u00f3 el bloque Juntos por el Cambio que no concurrir\u00e1n. Lo hacen sosteniendo que como defensores de la democracia est\u00e1n de acuerdo con el fallo de la Corte, aunque aclaran que esperan que se mida con la misma vara todos los hechos de corrupci\u00f3n en la Argentina. Finalmente, agregan que la convocatoria es inconsulta y unilateral por parte del oficialismo.<\/p>\n\n\n\n<p><strong>13\/06\/25 \u2013 SOMOS va<\/strong><\/p>\n\n\n\n<p>La agrupaci\u00f3n SOMOS Col\u00f3n, integrante del Movimiento Derecho al Futuro que encabeza el gobernador Axel Kicillof, informa a sus seguidores que adhiere al acto que se llevar\u00e1 a cabo en el Concejo Deliberante en repudio al fallo que condena y proscribe a Cristina Fern\u00e1ndez.<\/p>\n\n\n\n<p>Sostiene que es una condena antidemocr\u00e1tica y que juega a favor de intereses que act\u00faan en contra de las clases populares. Recuerdan de los fallos de la dictadura persiguiendo a quienes se opon\u00edan a sus pol\u00edticas antipopulares.<\/p>\n\n\n\n<p>Agregan finalmente, \u201ces con el voto en las pr\u00f3ximas elecciones que podemos ir cambiando el rumbo de esas pol\u00edticas\u201d<\/p>\n\n\n\n<p><strong>13\/06\/25 \u201cEl futuro no se proscribe, el futuro se defiende\u201d<\/strong><\/p>\n\n\n\n<p>El Movimiento Derecho al Futuro emiti\u00f3 un fuerte pronunciamiento en rechazo a la reciente condena judicial contra la ex presidenta Cristina Fern\u00e1ndez de Kirchner, calific\u00e1ndola como \u201cun ataque a la democracia y a los derechos del pueblo\u201d.<\/p>\n\n\n\n<p>En el comunicado, la agrupaci\u00f3n sostiene que la sentencia constituye \u201cun nuevo cap\u00edtulo del lawfare en la Argentina\u201d y se\u00f1ala que \u201cno es el resultado de un proceso judicial transparente y justo, sino la culminaci\u00f3n de a\u00f1os de persecuci\u00f3n pol\u00edtica, medi\u00e1tica y judicial contra quien se atrevi\u00f3 a gobernar en favor de las mayor\u00edas\u201d.<\/p>\n\n\n\n<p>A trav\u00e9s de un documento p\u00fablico, el movimiento denunci\u00f3 que sectores del poder judicial act\u00faan \u201caliados a intereses econ\u00f3micos y pol\u00edticos concentrados\u201d, y que la condena responde a \u201cla intolerancia del poder real hacia dirigentes que regulan a los sectores concentrados, defienden la soberan\u00eda nacional y ampl\u00edan derechos\u201d.<\/p>\n\n\n\n<p>La declaraci\u00f3n tambi\u00e9n ubica este fallo en un contexto pol\u00edtico m\u00e1s amplio, vincul\u00e1ndolo con \u201cel ajuste brutal y el desmantelamiento del Estado\u201d impulsado por el gobierno de Javier Milei. \u201cSe busca debilitar toda alternativa pol\u00edtica que proponga un modelo de pa\u00eds con justicia social\u201d, advierten.<\/p>\n\n\n\n<p>El texto subraya que este proceso \u201chiere profundamente al sistema democr\u00e1tico argentino\u201d y llama a construir una fuerza pol\u00edtica \u201camplia, federal y comprometida\u201d, que defienda los derechos conquistados y \u201cabrace los sue\u00f1os colectivos de una patria justa, libre y soberana\u201d.<\/p>\n\n\n\n<p>\u201cEl pueblo abraza a Cristina\u201d, concluye el documento, con una consigna contundente: \u201cEl futuro no se proscribe. El futuro se defiende\u201d.<\/p>\n","protected":false},"excerpt":{"rendered":"<p>Convocaron a los concejales a una sesi\u00f3n especial a los efectos de repudiar el fallo de la Corte Suprema de Justicia en la denominada Causa Vialidad en la que se condena a&#8230;<\/p>\n","protected":false},"author":1,"featured_media":4313,"comment_status":"open","ping_status":"open","sticky":false,"template":"","format":"standard","meta":{"footnotes":""},"categories":[3],"tags":[],"class_list":["post-7155","post","type-post","status-publish","format-standard","has-post-thumbnail","hentry","category-general"],"_links":{"self":[{"href":"https:\/\/emisoracolon.com.ar\/index.php\/wp-json\/wp\/v2\/posts\/7155","targetHints":{"allow":["GET"]}}],"collection":[{"href":"https:\/\/emisoracolon.com.ar\/index.php\/wp-json\/wp\/v2\/posts"}],"about":[{"href":"https:\/\/emisoracolon.com.ar\/index.php\/wp-json\/wp\/v2\/types\/post"}],"author":[{"embeddable":true,"href":"https:\/\/emisoracolon.com.ar\/index.php\/wp-json\/wp\/v2\/users\/1"}],"replies":[{"embeddable":true,"href":"https:\/\/emisoracolon.com.ar\/index.php\/wp-json\/wp\/v2\/comments?post=7155"}],"version-history":[{"count":1,"href":"https:\/\/emisoracolon.com.ar\/index.php\/wp-json\/wp\/v2\/posts\/7155\/revisions"}],"predecessor-version":[{"id":7156,"href":"https:\/\/emisoracolon.com.ar\/index.php\/wp-json\/wp\/v2\/posts\/7155\/revisions\/7156"}],"wp:featuredmedia":[{"embeddable":true,"href":"https:\/\/emisoracolon.com.ar\/index.php\/wp-json\/wp\/v2\/media\/4313"}],"wp:attachment":[{"href":"https:\/\/emisoracolon.com.ar\/index.php\/wp-json\/wp\/v2\/media?parent=7155"}],"wp:term":[{"taxonomy":"category","embeddable":true,"href":"https:\/\/emisoracolon.com.ar\/index.php\/wp-json\/wp\/v2\/categories?post=7155"},{"taxonomy":"post_tag","embeddable":true,"href":"https:\/\/emisoracolon.com.ar\/index.php\/wp-json\/wp\/v2\/tags?post=7155"}],"curies":[{"name":"wp","href":"https:\/\/api.w.org\/{rel}","templated":true}]}}