{"id":7152,"date":"2025-06-12T16:26:40","date_gmt":"2025-06-12T19:26:40","guid":{"rendered":"https:\/\/emisoracolon.com.ar\/?p=7152"},"modified":"2025-06-12T16:27:32","modified_gmt":"2025-06-12T19:27:32","slug":"para-mejorar-el-transito-en-colon","status":"publish","type":"post","link":"https:\/\/emisoracolon.com.ar\/index.php\/2025\/06\/12\/para-mejorar-el-transito-en-colon\/","title":{"rendered":"&#8220;Para mejorar el tr\u00e1nsito en Col\u00f3n&#8221;"},"content":{"rendered":"\n<p>El concejal Marcelo Villa y su bloque presentaron un proyecto de ordenanza (Expediente N\u00b0 10.088) destinado a ordenar y mejorar el tr\u00e1nsito en las calles de nuestra ciudad. \u201cLe estamos dando al Ejecutivo una gran herramienta para actuar\u201d, expres\u00f3 durante la sesi\u00f3n del Honorable Concejo Deliberante.<\/p>\n\n\n\n<p>Villa alert\u00f3 sobre la creciente problem\u00e1tica del tr\u00e1nsito: motocicletas con escapes modificados, ruidos molestos, aceleradas innecesarias, contaminaci\u00f3n y siniestros viales que, lamentablemente, se repiten. \u201cNo es casualidad que haya choques. No ha habido pol\u00edticas claras ni voluntad firme de parte de los gobiernos, ni del anterior ni del actual\u201d, afirm\u00f3.<\/p>\n\n\n\n<p>Tambi\u00e9n se\u00f1al\u00f3 que tanto el anterior como el actual director de Tr\u00e1nsito &#8220;merecen respeto&#8221;, pero que ninguno recibi\u00f3 el respaldo pol\u00edtico, econ\u00f3mico y operativo necesario para hacer cambios de fondo.<\/p>\n\n\n\n<p>&#8220;Este proyecto va a fondo&#8221;, afirm\u00f3. \u201cHay otro que no se quiso tratar, pero hoy no hay excusas. Si no se aprueba, no nos se\u00f1alen a nosotros, sino a quienes se nieguen a tratarlo. Los concejales debemos proponer, regular, fiscalizar y representar al vecino. El Ejecutivo debe aplicar multas, hacer controles, y dise\u00f1ar un plan de movilidad urbana sostenible\u201d.<\/p>\n\n\n\n<p>\u201cNo alcanza solo con una ordenanza: todos debemos colaborar. Tambi\u00e9n los ciudadanos tenemos que hacer un mea culpa y ayudar a que el tr\u00e1nsito mejore. No queremos m\u00e1s choques, ni v\u00edctimas que lamentar\u201d.<\/p>\n\n\n\n<p>\u00bfQu\u00e9 propone el proyecto?<\/p>\n\n\n\n<p>\u2022 Controlar motocicletas con escapes modificados<\/p>\n\n\n\n<p>\u2022 Sancionar ruidos molestos y aceleradas innecesarias<\/p>\n\n\n\n<p>\u2022 Reducir contaminaci\u00f3n ambiental<\/p>\n\n\n\n<p>\u2022 Evitar accidentes de tr\u00e1nsito<\/p>\n\n\n\n<p>\u2022 Ordenar el caos vehicular<\/p>\n\n\n\n<hr class=\"wp-block-separator has-alpha-channel-opacity\"\/>\n\n\n\n<p><strong>Todos deben cumplir con las normas de tr\u00e1nsito<\/strong><\/p>\n\n\n\n<p>El concejal Gonzalo Giuli, ex Director de Tr\u00e1nsito Municipal, respondi\u00f3 a las declaraciones del concejal Villa y manifest\u00f3 su desacuerdo con la idea de que no se est\u00e1n haciendo esfuerzos para mejorar el tr\u00e1nsito en la ciudad de Col\u00f3n. En su intervenci\u00f3n, destac\u00f3 el trabajo realizado en el \u00e1rea y subray\u00f3 la necesidad de una responsabilidad compartida entre el Estado y los ciudadanos.<\/p>\n\n\n\n<p>\u201cCoincidimos en muchos puntos, aunque tambi\u00e9n tenemos matices. Agradezco que se reconozca mi paso por la Direcci\u00f3n de Tr\u00e1nsito, donde junto a muchos equipos trabajamos intensamente. Pero no puedo dejar pasar expresiones que dan a entender que no se ha hecho nada. Se han hecho muchas cosas, aunque no todas generan cambios inmediatos ni son f\u00e1cilmente perceptibles\u201d.<\/p>\n\n\n\n<p>Giuli insisti\u00f3 en que todos los ciudadanos tienen la responsabilidad de cumplir con las normas de tr\u00e1nsito, no solo quienes andan en moto:<\/p>\n\n\n\n<p>\u201cEl que comete una infracci\u00f3n debe ser sancionado, sea quien sea. No podemos caer en la idea de que solo algunos son responsables. Hay personas que se molestan si se les hace una multa por usar el celular, estacionar en un lugar reservado o circular en contramano. Todos tenemos que respetar las reglas, sin excusas\u201d.<\/p>\n\n\n\n<p>Entre las acciones destacadas por el concejal se encuentran:<\/p>\n\n\n\n<p>\u2022 Charlas de educaci\u00f3n vial en las escuelas<\/p>\n\n\n\n<p>\u2022 Pr\u00e1cticas obligatorias de manejo desde mayo<\/p>\n\n\n\n<p>\u2022 Controles regulares y presencia de agentes en escuelas<\/p>\n\n\n\n<p>\u2022 M\u00e1s de 50 veh\u00edculos secuestrados por mes<\/p>\n\n\n\n<p>\u2022 Capacitaciones sobre manejo seguro en motos<\/p>\n\n\n\n<p>\u2022 Trabajo conjunto con padres y alumnos sobre responsabilidad vial<\/p>\n\n\n\n<p>\u201cHoy estuvimos en una escuela y muchos chicos de 15 o 16 a\u00f1os manejan motos sin carnet ni conocimientos b\u00e1sicos de tr\u00e1nsito. \u00bfD\u00f3nde est\u00e1n los padres? \u00bfD\u00f3nde est\u00e1 el control previo al Estado? Es un trabajo que nos involucra a todos\u201d, se\u00f1al\u00f3.<\/p>\n\n\n\n<p>Por \u00faltimo, Giuli valor\u00f3 que se abra el debate en torno a nuevos proyectos, pero pidi\u00f3 que se analice con responsabilidad:<\/p>\n\n\n\n<p>\u201cM\u00e1s all\u00e1 de la legalidad o no del proyecto presentado por el radicalismo, es bueno que se discuta. El intendente est\u00e1 comprometido y ha trabajado junto a Fiscal\u00eda y Polic\u00eda en nuevas acciones. No se trata de negar falencias, pero s\u00ed de reconocer lo que se ha hecho. El cambio es cultural y lleva tiempo\u201d.<\/p>\n","protected":false},"excerpt":{"rendered":"<p>El concejal Marcelo Villa y su bloque presentaron un proyecto de ordenanza (Expediente N\u00b0 10.088) destinado a ordenar y mejorar el tr\u00e1nsito en las calles de nuestra ciudad. \u201cLe estamos dando al&#8230;<\/p>\n","protected":false},"author":1,"featured_media":4339,"comment_status":"open","ping_status":"open","sticky":false,"template":"","format":"standard","meta":{"footnotes":""},"categories":[3],"tags":[],"class_list":["post-7152","post","type-post","status-publish","format-standard","has-post-thumbnail","hentry","category-general"],"_links":{"self":[{"href":"https:\/\/emisoracolon.com.ar\/index.php\/wp-json\/wp\/v2\/posts\/7152","targetHints":{"allow":["GET"]}}],"collection":[{"href":"https:\/\/emisoracolon.com.ar\/index.php\/wp-json\/wp\/v2\/posts"}],"about":[{"href":"https:\/\/emisoracolon.com.ar\/index.php\/wp-json\/wp\/v2\/types\/post"}],"author":[{"embeddable":true,"href":"https:\/\/emisoracolon.com.ar\/index.php\/wp-json\/wp\/v2\/users\/1"}],"replies":[{"embeddable":true,"href":"https:\/\/emisoracolon.com.ar\/index.php\/wp-json\/wp\/v2\/comments?post=7152"}],"version-history":[{"count":2,"href":"https:\/\/emisoracolon.com.ar\/index.php\/wp-json\/wp\/v2\/posts\/7152\/revisions"}],"predecessor-version":[{"id":7154,"href":"https:\/\/emisoracolon.com.ar\/index.php\/wp-json\/wp\/v2\/posts\/7152\/revisions\/7154"}],"wp:featuredmedia":[{"embeddable":true,"href":"https:\/\/emisoracolon.com.ar\/index.php\/wp-json\/wp\/v2\/media\/4339"}],"wp:attachment":[{"href":"https:\/\/emisoracolon.com.ar\/index.php\/wp-json\/wp\/v2\/media?parent=7152"}],"wp:term":[{"taxonomy":"category","embeddable":true,"href":"https:\/\/emisoracolon.com.ar\/index.php\/wp-json\/wp\/v2\/categories?post=7152"},{"taxonomy":"post_tag","embeddable":true,"href":"https:\/\/emisoracolon.com.ar\/index.php\/wp-json\/wp\/v2\/tags?post=7152"}],"curies":[{"name":"wp","href":"https:\/\/api.w.org\/{rel}","templated":true}]}}