{"id":7149,"date":"2025-06-12T16:24:50","date_gmt":"2025-06-12T19:24:50","guid":{"rendered":"https:\/\/emisoracolon.com.ar\/?p=7149"},"modified":"2025-06-12T16:24:50","modified_gmt":"2025-06-12T19:24:50","slug":"detienen-en-rojas-al-abogado-del-desarrollador-del-parque-industrial-vinculado-al-exintendente-claudio-rossi","status":"publish","type":"post","link":"https:\/\/emisoracolon.com.ar\/index.php\/2025\/06\/12\/detienen-en-rojas-al-abogado-del-desarrollador-del-parque-industrial-vinculado-al-exintendente-claudio-rossi\/","title":{"rendered":"Detienen en Rojas al abogado del desarrollador del Parque Industrial, vinculado al exintendente Claudio Rossi"},"content":{"rendered":"\n<p>El proyecto del Parque Industrial sigue envuelto en sospechas, demoras y una compleja mara\u00f1a judicial, lo se\u00f1ala la publicaci\u00f3n Rojas Ciudad.<\/p>\n\n\n\n<p>Sostiene, En las \u00faltimas horas se conoci\u00f3 que el abogado Marcelo Jorge Fern\u00e1ndez Zurdo, representante legal del grupo &#8220;Desarrollos Argentinos&#8221; \u2014encargado del fallido desarrollo del Parque Industrial de Rojas\u2014 fue detenido en el marco de la causa conocida como la del &#8220;Rey de la Salada&#8221;.<\/p>\n\n\n\n<p>Fern\u00e1ndez Zurdo qued\u00f3 implicado en una negaci\u00f3n que involucra al conocido empresario Jorge Castillo, su esposa, su hijo y otras personas acusadas de asociaci\u00f3n il\u00edcita y lavado de dinero. Entre los detenidos tambi\u00e9n figuran Mabel Cristina Islas, David Alberto Heinze, Christian Ezequiel Arrieta, Aldo Enrique Presa, Guadalupe Presa, Mar\u00eda Mora Presa, Mar\u00eda Sara Corigliano, Javier Rub\u00e9n Arjovsky, Alan Emmanuel Antequera, Lucas Gonzalo Antequera y Carlos Guillermo Carri\u00f3n, seg\u00fan fuentes judiciales.<\/p>\n\n\n\n<p>La noticia vuelve a poner bajo la lupa el desarrollo del Parque Industrial, una iniciativa impulsada durante la gesti\u00f3n del exintendente y actual diputado provincial Claudio Rossi, quien mantendr\u00eda estrechos v\u00ednculos personales y pol\u00edticos con el empresario Miguel Berin, titular del fideicomiso que posee los derechos sobre el predio. Rossi nunca dio detalles p\u00fablicos sobre el alcance del convenio firmado entre el municipio y la empresa de Berin, que cuenta con condiciones notoriamente favorables a esta \u00faltima y escasa \u2014por no decir nula\u2014 protecci\u00f3n del inter\u00e9s municipal.<\/p>\n\n\n\n<p>El terreno destinado al parque fue cedido originalmente por Carlos Carmelino Borassi con fines de desarrollo industrial, pero actualmente se encuentra judicializado. La actual gesti\u00f3n, encabezada por el intendente Rom\u00e1n Bouvier, reclama la restituci\u00f3n del predio. A trav\u00e9s de la Secretar\u00eda Legal y T\u00e9cnica, el municipio avanza con acciones judiciales para intentar recuperar el control del mismo.<\/p>\n\n\n\n<p>El fideicomiso para financiar el proyecto fue celebrado el 11 de diciembre de 2019 e implicaba una inversi\u00f3n estimada en 3 millones de d\u00f3lares, con un plazo de ejecuci\u00f3n de entre 18 y 24 meses. Sin embargo, cinco a\u00f1os despu\u00e9s, lo \u00fanico que ha crecido en el predio son los pastizales.<\/p>\n\n\n\n<p>La situaci\u00f3n refuerza la sensaci\u00f3n de estancamiento en Rojas, una ciudad que, en nombre del progreso, ha quedado atrapada en pol\u00edticas poco transparentes y acuerdos que parecen beneficiar a unos pocos.<\/p>\n","protected":false},"excerpt":{"rendered":"<p>El proyecto del Parque Industrial sigue envuelto en sospechas, demoras y una compleja mara\u00f1a judicial, lo se\u00f1ala la publicaci\u00f3n Rojas Ciudad. Sostiene, En las \u00faltimas horas se conoci\u00f3 que el abogado Marcelo&#8230;<\/p>\n","protected":false},"author":1,"featured_media":7150,"comment_status":"open","ping_status":"open","sticky":false,"template":"","format":"standard","meta":{"footnotes":""},"categories":[3],"tags":[],"class_list":["post-7149","post","type-post","status-publish","format-standard","has-post-thumbnail","hentry","category-general"],"_links":{"self":[{"href":"https:\/\/emisoracolon.com.ar\/index.php\/wp-json\/wp\/v2\/posts\/7149","targetHints":{"allow":["GET"]}}],"collection":[{"href":"https:\/\/emisoracolon.com.ar\/index.php\/wp-json\/wp\/v2\/posts"}],"about":[{"href":"https:\/\/emisoracolon.com.ar\/index.php\/wp-json\/wp\/v2\/types\/post"}],"author":[{"embeddable":true,"href":"https:\/\/emisoracolon.com.ar\/index.php\/wp-json\/wp\/v2\/users\/1"}],"replies":[{"embeddable":true,"href":"https:\/\/emisoracolon.com.ar\/index.php\/wp-json\/wp\/v2\/comments?post=7149"}],"version-history":[{"count":1,"href":"https:\/\/emisoracolon.com.ar\/index.php\/wp-json\/wp\/v2\/posts\/7149\/revisions"}],"predecessor-version":[{"id":7151,"href":"https:\/\/emisoracolon.com.ar\/index.php\/wp-json\/wp\/v2\/posts\/7149\/revisions\/7151"}],"wp:featuredmedia":[{"embeddable":true,"href":"https:\/\/emisoracolon.com.ar\/index.php\/wp-json\/wp\/v2\/media\/7150"}],"wp:attachment":[{"href":"https:\/\/emisoracolon.com.ar\/index.php\/wp-json\/wp\/v2\/media?parent=7149"}],"wp:term":[{"taxonomy":"category","embeddable":true,"href":"https:\/\/emisoracolon.com.ar\/index.php\/wp-json\/wp\/v2\/categories?post=7149"},{"taxonomy":"post_tag","embeddable":true,"href":"https:\/\/emisoracolon.com.ar\/index.php\/wp-json\/wp\/v2\/tags?post=7149"}],"curies":[{"name":"wp","href":"https:\/\/api.w.org\/{rel}","templated":true}]}}