{"id":7147,"date":"2025-06-12T16:18:55","date_gmt":"2025-06-12T19:18:55","guid":{"rendered":"https:\/\/emisoracolon.com.ar\/?p=7147"},"modified":"2025-06-12T16:18:55","modified_gmt":"2025-06-12T19:18:55","slug":"rapido","status":"publish","type":"post","link":"https:\/\/emisoracolon.com.ar\/index.php\/2025\/06\/12\/rapido\/","title":{"rendered":"R\u00e1pido"},"content":{"rendered":"\n<p>Por la inquietud de varios vecinos el bloque de Juntos por el Cambio elabor\u00f3 una minuta pidiendo la reparaci\u00f3n de las bocas de tormenta de 52 y 9. En la misma tarde del lunes, antes de la sesi\u00f3n, la Municipalidad lo arregl\u00f3. Por ese motivo la concejala Milagros Morales destac\u00f3 la celeridad de la respuesta, y reforz\u00f3 el compromiso del bloque con los vecinos que tengan reclamos de ese tipo.<\/p>\n\n\n\n<p><strong>12\/06\/25 &#8211; Elogian la parquizaci\u00f3n de espacios p\u00fablicos<\/strong><\/p>\n\n\n\n<p>Alicia Franco comparti\u00f3 su reconocimiento por las tareas de parquizaci\u00f3n realizadas recientemente en distintos puntos de la ciudad. En especial, destac\u00f3 el sector del Boulevard 17 entre calles 38 y 40, donde \u201cplantaron jacarand\u00e1s que est\u00e1n muy lindos, en buen estado y crecidos\u201d.<\/p>\n\n\n\n<p>Franco resalt\u00f3 el trabajo del equipo de Espacios Verdes de la Municipalidad, que cuida las plantas con tutores y protecciones en su base para evitar da\u00f1os por motos o desmalezadoras. Este equipo, encabezado por Alina y compuesto por cuatro empleados, tambi\u00e9n lleva adelante un proyecto de puesta en valor en el ingreso de la Plaza Pibelandia.<\/p>\n\n\n\n<p>\u201cRealmente me llam\u00f3 la atenci\u00f3n. Veo que con el tiempo se van haciendo las cosas, se va parquizando y todo lo relacionado a lo verde en nuestra ciudad est\u00e1 muy bien encaminado\u201d, concluy\u00f3 Alicia.<\/p>\n\n\n\n<p>Termin\u00f3 diciendo, \u201cfelicitaciones a quienes hacen posible estos espacios m\u00e1s lindos y sostenibles para todos!\u201d<\/p>\n","protected":false},"excerpt":{"rendered":"<p>Por la inquietud de varios vecinos el bloque de Juntos por el Cambio elabor\u00f3 una minuta pidiendo la reparaci\u00f3n de las bocas de tormenta de 52 y 9. En la misma tarde&#8230;<\/p>\n","protected":false},"author":1,"featured_media":371,"comment_status":"open","ping_status":"open","sticky":false,"template":"","format":"standard","meta":{"footnotes":""},"categories":[3],"tags":[],"class_list":["post-7147","post","type-post","status-publish","format-standard","has-post-thumbnail","hentry","category-general"],"_links":{"self":[{"href":"https:\/\/emisoracolon.com.ar\/index.php\/wp-json\/wp\/v2\/posts\/7147","targetHints":{"allow":["GET"]}}],"collection":[{"href":"https:\/\/emisoracolon.com.ar\/index.php\/wp-json\/wp\/v2\/posts"}],"about":[{"href":"https:\/\/emisoracolon.com.ar\/index.php\/wp-json\/wp\/v2\/types\/post"}],"author":[{"embeddable":true,"href":"https:\/\/emisoracolon.com.ar\/index.php\/wp-json\/wp\/v2\/users\/1"}],"replies":[{"embeddable":true,"href":"https:\/\/emisoracolon.com.ar\/index.php\/wp-json\/wp\/v2\/comments?post=7147"}],"version-history":[{"count":1,"href":"https:\/\/emisoracolon.com.ar\/index.php\/wp-json\/wp\/v2\/posts\/7147\/revisions"}],"predecessor-version":[{"id":7148,"href":"https:\/\/emisoracolon.com.ar\/index.php\/wp-json\/wp\/v2\/posts\/7147\/revisions\/7148"}],"wp:featuredmedia":[{"embeddable":true,"href":"https:\/\/emisoracolon.com.ar\/index.php\/wp-json\/wp\/v2\/media\/371"}],"wp:attachment":[{"href":"https:\/\/emisoracolon.com.ar\/index.php\/wp-json\/wp\/v2\/media?parent=7147"}],"wp:term":[{"taxonomy":"category","embeddable":true,"href":"https:\/\/emisoracolon.com.ar\/index.php\/wp-json\/wp\/v2\/categories?post=7147"},{"taxonomy":"post_tag","embeddable":true,"href":"https:\/\/emisoracolon.com.ar\/index.php\/wp-json\/wp\/v2\/tags?post=7147"}],"curies":[{"name":"wp","href":"https:\/\/api.w.org\/{rel}","templated":true}]}}