{"id":7135,"date":"2025-06-11T17:48:41","date_gmt":"2025-06-11T20:48:41","guid":{"rendered":"https:\/\/emisoracolon.com.ar\/?p=7135"},"modified":"2025-06-11T17:48:41","modified_gmt":"2025-06-11T20:48:41","slug":"tragedia-en-calle-20-y-57-una-mujer-fallecio-en-un-incendio","status":"publish","type":"post","link":"https:\/\/emisoracolon.com.ar\/index.php\/2025\/06\/11\/tragedia-en-calle-20-y-57-una-mujer-fallecio-en-un-incendio\/","title":{"rendered":"Tragedia en calle 20 y 57: una mujer falleci\u00f3 en un incendio"},"content":{"rendered":"\n<p>Un lamentable suceso conmocion\u00f3 a la comunidad en la noche del martes, cuando una mujer mayor perdi\u00f3 la vida a ra\u00edz de un incendio que se desat\u00f3 en su vivienda, ubicada en la esquina de calles 20 y 57.<\/p>\n\n\n\n<p>El hecho ocurri\u00f3 pasadas las 21:30 horas. Tras el llamado de alerta de vecinos, personal de Bomberos Voluntarios se hizo presente en pocos minutos, pero lamentablemente nada pudo hacerse para salvar a la v\u00edctima, quien ya hab\u00eda fallecido al momento de su llegada.<\/p>\n\n\n\n<p>Seg\u00fan los primeros testimonios recabados en el lugar, la hip\u00f3tesis preliminar indica que se habr\u00eda tratado de un hecho intencional, ya que la mujer habr\u00eda tomado la tr\u00e1gica decisi\u00f3n de quitarse la vida prendi\u00e9ndose fuego. Sin embargo, esta versi\u00f3n deber\u00e1 ser confirmada mediante la investigaci\u00f3n en curso.<\/p>\n\n\n\n<p>La zona fue r\u00e1pidamente resguardada y se esperaba el arribo de la Polic\u00eda Cient\u00edfica para llevar a cabo las pericias correspondientes, que permitir\u00e1n establecer con precisi\u00f3n las causas del incendio y el contexto en el que se produjo.<\/p>\n\n\n\n<p>El hecho gener\u00f3 gran conmoci\u00f3n entre los vecinos, que manifestaron su tristeza por lo ocurrido y recordaron a la v\u00edctima como una persona reservada, pero querida en el barrio.<\/p>\n","protected":false},"excerpt":{"rendered":"<p>Un lamentable suceso conmocion\u00f3 a la comunidad en la noche del martes, cuando una mujer mayor perdi\u00f3 la vida a ra\u00edz de un incendio que se desat\u00f3 en su vivienda, ubicada en&#8230;<\/p>\n","protected":false},"author":1,"featured_media":3974,"comment_status":"open","ping_status":"open","sticky":false,"template":"","format":"standard","meta":{"footnotes":""},"categories":[3],"tags":[],"class_list":["post-7135","post","type-post","status-publish","format-standard","has-post-thumbnail","hentry","category-general"],"_links":{"self":[{"href":"https:\/\/emisoracolon.com.ar\/index.php\/wp-json\/wp\/v2\/posts\/7135","targetHints":{"allow":["GET"]}}],"collection":[{"href":"https:\/\/emisoracolon.com.ar\/index.php\/wp-json\/wp\/v2\/posts"}],"about":[{"href":"https:\/\/emisoracolon.com.ar\/index.php\/wp-json\/wp\/v2\/types\/post"}],"author":[{"embeddable":true,"href":"https:\/\/emisoracolon.com.ar\/index.php\/wp-json\/wp\/v2\/users\/1"}],"replies":[{"embeddable":true,"href":"https:\/\/emisoracolon.com.ar\/index.php\/wp-json\/wp\/v2\/comments?post=7135"}],"version-history":[{"count":1,"href":"https:\/\/emisoracolon.com.ar\/index.php\/wp-json\/wp\/v2\/posts\/7135\/revisions"}],"predecessor-version":[{"id":7136,"href":"https:\/\/emisoracolon.com.ar\/index.php\/wp-json\/wp\/v2\/posts\/7135\/revisions\/7136"}],"wp:featuredmedia":[{"embeddable":true,"href":"https:\/\/emisoracolon.com.ar\/index.php\/wp-json\/wp\/v2\/media\/3974"}],"wp:attachment":[{"href":"https:\/\/emisoracolon.com.ar\/index.php\/wp-json\/wp\/v2\/media?parent=7135"}],"wp:term":[{"taxonomy":"category","embeddable":true,"href":"https:\/\/emisoracolon.com.ar\/index.php\/wp-json\/wp\/v2\/categories?post=7135"},{"taxonomy":"post_tag","embeddable":true,"href":"https:\/\/emisoracolon.com.ar\/index.php\/wp-json\/wp\/v2\/tags?post=7135"}],"curies":[{"name":"wp","href":"https:\/\/api.w.org\/{rel}","templated":true}]}}