{"id":7133,"date":"2025-06-11T17:47:58","date_gmt":"2025-06-11T20:47:58","guid":{"rendered":"https:\/\/emisoracolon.com.ar\/?p=7133"},"modified":"2025-06-11T17:47:58","modified_gmt":"2025-06-11T20:47:58","slug":"gerardo-soria-analizo-la-decision-de-la-corte-suprema-contra-cristina-kirchner","status":"publish","type":"post","link":"https:\/\/emisoracolon.com.ar\/index.php\/2025\/06\/11\/gerardo-soria-analizo-la-decision-de-la-corte-suprema-contra-cristina-kirchner\/","title":{"rendered":"Gerardo Soria analiz\u00f3 la decisi\u00f3n de la Corte Suprema contra Cristina Kirchner"},"content":{"rendered":"\n<p>Ayer se conoci\u00f3 el fallo de la Corte Suprema que ratific\u00f3 la condena a 6 a\u00f1os de prisi\u00f3n e inhabilitaci\u00f3n perpetua para la expresidenta Cristina Fern\u00e1ndez de Kirchner. La noticia tuvo repercusi\u00f3n nacional y tambi\u00e9n fue tema de an\u00e1lisis en nuestra ciudad.<\/p>\n\n\n\n<p>En di\u00e1logo con Emisora Col\u00f3n, Gerardo Soria ofreci\u00f3 una mirada cr\u00edtica sobre el fallo y su trasfondo pol\u00edtico y judicial. &#8220;Esta causa no es m\u00e1s que una excusa para correr a Cristina de la cancha. No la juzgan por corrupci\u00f3n, la juzgan por haber impulsado un modelo econ\u00f3mico de inclusi\u00f3n y por haber tocado intereses de los grandes grupos empresarios&#8221;, afirm\u00f3.<\/p>\n\n\n\n<p>Soria record\u00f3 que el inicio de las causas contra la exmandataria coincide con una reuni\u00f3n de la Asociaci\u00f3n Empresaria Argentina (AEA), integrada \u2014seg\u00fan dijo\u2014 por &#8220;los verdaderos due\u00f1os del pa\u00eds&#8221;, y vincul\u00f3 estos hechos con el avance de causas judiciales contra empresarios que fueron c\u00f3mplices de la \u00faltima dictadura, como el caso Blaquier.<\/p>\n\n\n\n<p>Tambi\u00e9n cuestion\u00f3 la imparcialidad de los jueces y los v\u00ednculos del tribunal con el expresidente Macri. &#8220;Dos de los tres miembros de la Corte fueron nombrados por decreto durante su gobierno. La imparcialidad est\u00e1 claramente comprometida&#8221;, subray\u00f3.<\/p>\n\n\n\n<p>Finalmente, destac\u00f3 la respuesta popular: &#8220;Las movilizaciones en C\u00f3rdoba, Mar del Plata, Rosario y frente a la casa de Cristina muestran que el peronismo est\u00e1 lejos de rendirse. Si pensaron que con este fallo nos iban a quebrar, se equivocaron&#8221;.<\/p>\n\n\n\n<p>11\/06\/25 Pablo Pino habl\u00f3 de la sentencia a Cristina<\/p>\n\n\n\n<p>\u00bfCondenaron a Cristina? S\u00ed. Pero lo que est\u00e1 en juicio es mucho m\u00e1s grande.<\/p>\n\n\n\n<p>Lo que vivimos con la condena a Cristina Fern\u00e1ndez de Kirchner no es solo un hecho judicial, analiz\u00f3 el dirigente Pablo Pino. Es un hecho pol\u00edtico, medi\u00e1tico y profundamente simb\u00f3lico. Una sentencia escrita hace tiempo, con titulares diarios que machacaron sin pruebas. Con medios alineados a un poder econ\u00f3mico que no perdona a quienes lo enfrentan.<\/p>\n\n\n\n<p>Cristina no pidi\u00f3 nunca impunidad. Se present\u00f3 en cada tribunal, defendi\u00f3 su inocencia, y lo hizo con la dignidad de quien cree en la justicia, aunque sepa que est\u00e1 siendo usada para disciplinar. No hay firma, no hay orden directa, no hay prueba concreta. Solo una construcci\u00f3n medi\u00e1tica que intent\u00f3 \u2013y a\u00fan intenta\u2013 convencernos de que la plata que falta est\u00e1 en sus bolsillos. Y no. La plata est\u00e1 afuera, fugada, en cuentas que no tienen nombre ni rostro, pero s\u00ed poder.<\/p>\n\n\n\n<p>La justicia que la condena es la misma que no investig\u00f3 los viajes a Lago Escondido.<\/p>\n\n\n\n<p>Es la misma que no abri\u00f3 el debate ni revis\u00f3 los argumentos de la defensa.<\/p>\n\n\n\n<p>Son jueces nombrados a dedo por Macri, que visitaban Olivos mientras se armaban las causas.<\/p>\n\n\n\n<p>Esto no se trata solo de Cristina. Se trata de lo que quieren hacer con todos los que se animen a enfrentar a los que de verdad manejan el pa\u00eds. Se trata de disciplinar a la pol\u00edtica y domesticar la democracia.<\/p>\n\n\n\n<p>Por eso, hoy m\u00e1s que nunca, el campo nacional y popular tiene que estar unido. Con diferencias, s\u00ed, pero con un objetivo com\u00fan: que el poder vuelva a estar donde debe estar, en el pueblo, en sus representantes elegidos por el voto y no por los medios o el FMI.<\/p>\n\n\n\n<p>Cristina dio una lecci\u00f3n: no pidi\u00f3 revancha. Pidi\u00f3 justicia. Que no nos dividan. Que no nos confundan, no nos resignamos. Hoy, m\u00e1s que nunca, unidad, memoria y coraje, sostuvo Pino.<\/p>\n\n\n\n<p>11\/06\/25 \u201cNo fue justicia, fue proscripci\u00f3n\u201d<\/p>\n\n\n\n<p>La presidenta del Concejo Deliberante viaj\u00f3 a Buenos Aires para acompa\u00f1ar a Cristina Fern\u00e1ndez de Kirchner en uno de los momentos m\u00e1s duros de su vida pol\u00edtica: la confirmaci\u00f3n de una condena que, m\u00e1s all\u00e1 del expediente, busca borrarla del mapa pol\u00edtico.<\/p>\n\n\n\n<p>\u201cEstaba en la Capital, convocada junto a compa\u00f1eros y compa\u00f1eras de todo el pa\u00eds. Nos encontramos, compartimos la tristeza, la angustia, pero tambi\u00e9n la fuerza. Sabemos que esto no es nuevo: es una estrategia del poder real para eliminar a quienes se animan a enfrentarlo\u201d.<\/p>\n\n\n\n<p>\u201cDespu\u00e9s del atentado, Clar\u00edn sac\u00f3 una tapa escalofriante: \u2018La bala no sali\u00f3, pero el fallo s\u00ed\u2019. Hoy lo vivimos. Lo advertimos. Lo denunciamos.\u201d<\/p>\n\n\n\n<p>Desde su entorno, Cristina convoc\u00f3 a diputados, senadores, concejales y militantes de Uni\u00f3n por la Patria a ponerse al lado de los que m\u00e1s lo necesitan: jubilados, m\u00e9dicos, comedores vac\u00edos. \u201cEst\u00e1n usando al Estado para castigar a los de abajo y para callar a los de arriba\u201d.<\/p>\n\n\n\n<p>\u201cA Cristina no la quieren fuera por un fallo judicial. La quieren fuera por representar un modelo de pa\u00eds que incluye, que distribuye, que enfrenta a las corporaciones\u201d.<\/p>\n\n\n\n<p>\u201cHay una derecha que dice sin tapujos que el kirchnerismo tiene que desaparecer. Ayer nom\u00e1s, escuch\u00e1bamos a periodistas repetir eso sin verg\u00fcenza. Es un discurso de odio, peligroso, que ya vivimos en otras etapas oscuras de nuestra historia\u201d.<\/p>\n\n\n\n<p>\u201cHoy m\u00e1s que nunca tenemos que estar unidos. Este intento de proscripci\u00f3n debe ser un punto de inflexi\u00f3n. Si nos dividen, ganan ellos. Si nos unimos, gana el pueblo\u201d.<\/p>\n\n\n\n<p>En Col\u00f3n, en Buenos Aires, en cada rinc\u00f3n del pa\u00eds, estamos con Cristina. Y vamos a seguir militando, organizando, defendiendo la democracia.<\/p>\n\n\n\n<p>Porque como dijo ella: \u201cEl pueblo siempre vuelve\u201d, sostuvo la dirigente.<\/p>\n","protected":false},"excerpt":{"rendered":"<p>Ayer se conoci\u00f3 el fallo de la Corte Suprema que ratific\u00f3 la condena a 6 a\u00f1os de prisi\u00f3n e inhabilitaci\u00f3n perpetua para la expresidenta Cristina Fern\u00e1ndez de Kirchner. La noticia tuvo repercusi\u00f3n&#8230;<\/p>\n","protected":false},"author":1,"featured_media":6955,"comment_status":"open","ping_status":"open","sticky":false,"template":"","format":"standard","meta":{"footnotes":""},"categories":[3],"tags":[],"class_list":["post-7133","post","type-post","status-publish","format-standard","has-post-thumbnail","hentry","category-general"],"_links":{"self":[{"href":"https:\/\/emisoracolon.com.ar\/index.php\/wp-json\/wp\/v2\/posts\/7133","targetHints":{"allow":["GET"]}}],"collection":[{"href":"https:\/\/emisoracolon.com.ar\/index.php\/wp-json\/wp\/v2\/posts"}],"about":[{"href":"https:\/\/emisoracolon.com.ar\/index.php\/wp-json\/wp\/v2\/types\/post"}],"author":[{"embeddable":true,"href":"https:\/\/emisoracolon.com.ar\/index.php\/wp-json\/wp\/v2\/users\/1"}],"replies":[{"embeddable":true,"href":"https:\/\/emisoracolon.com.ar\/index.php\/wp-json\/wp\/v2\/comments?post=7133"}],"version-history":[{"count":1,"href":"https:\/\/emisoracolon.com.ar\/index.php\/wp-json\/wp\/v2\/posts\/7133\/revisions"}],"predecessor-version":[{"id":7134,"href":"https:\/\/emisoracolon.com.ar\/index.php\/wp-json\/wp\/v2\/posts\/7133\/revisions\/7134"}],"wp:featuredmedia":[{"embeddable":true,"href":"https:\/\/emisoracolon.com.ar\/index.php\/wp-json\/wp\/v2\/media\/6955"}],"wp:attachment":[{"href":"https:\/\/emisoracolon.com.ar\/index.php\/wp-json\/wp\/v2\/media?parent=7133"}],"wp:term":[{"taxonomy":"category","embeddable":true,"href":"https:\/\/emisoracolon.com.ar\/index.php\/wp-json\/wp\/v2\/categories?post=7133"},{"taxonomy":"post_tag","embeddable":true,"href":"https:\/\/emisoracolon.com.ar\/index.php\/wp-json\/wp\/v2\/tags?post=7133"}],"curies":[{"name":"wp","href":"https:\/\/api.w.org\/{rel}","templated":true}]}}