{"id":7122,"date":"2025-06-10T18:11:26","date_gmt":"2025-06-10T21:11:26","guid":{"rendered":"https:\/\/emisoracolon.com.ar\/?p=7122"},"modified":"2025-06-10T18:11:26","modified_gmt":"2025-06-10T21:11:26","slug":"municipalidad-de-colon-implementa-ordenanza-para-optimizar-el-uso-de-su-flota-vehicular","status":"publish","type":"post","link":"https:\/\/emisoracolon.com.ar\/index.php\/2025\/06\/10\/municipalidad-de-colon-implementa-ordenanza-para-optimizar-el-uso-de-su-flota-vehicular\/","title":{"rendered":"Municipalidad de Col\u00f3n implementa ordenanza para optimizar el uso de su flota vehicular"},"content":{"rendered":"\n<p>La Municipalidad de Col\u00f3n promulg\u00f3 una ordenanza destinada a regular y controlar de manera estricta el uso de los veh\u00edculos y maquinarias viales que componen la flota municipal. La medida apunta a mejorar el mantenimiento, la eficiencia y la transparencia en el uso de estos recursos fundamentales para la prestaci\u00f3n de servicios en la ciudad y en zonas rurales.<\/p>\n\n\n\n<p>La secretaria de Gobierno, Natalia Avetta, explic\u00f3 que la normativa establece reglas claras para la administraci\u00f3n, control y conservaci\u00f3n de los veh\u00edculos, con el fin de optimizar su funcionamiento y evitar el deterioro acelerado producto del uso constante. \u201cEl objetivo es mejorar la log\u00edstica de los recorridos y contar con estad\u00edsticas reales para tomar decisiones sobre el estado de cada veh\u00edculo\u201d, se\u00f1al\u00f3.<\/p>\n\n\n\n<p>Entre las novedades, la ordenanza incorpora la obligaci\u00f3n de instalar sistemas de rastreo satelital (GPS) en todos los veh\u00edculos que se incorporen a la flota, medida que ya se est\u00e1 implementando progresivamente con 47 unidades equipadas. Adem\u00e1s, se aplica un sistema de control de combustible mediante c\u00f3digos QR para asignar montos y responsables en cada carga.<\/p>\n\n\n\n<p>Avetta destac\u00f3 tambi\u00e9n que cada veh\u00edculo debe estar claramente identificado con el logo municipal y un n\u00famero interno visible, facilitando la identificaci\u00f3n por parte de los vecinos ante cualquier reclamo o consulta. Asimismo, se establece la obligatoriedad de que los veh\u00edculos sean conducidos \u00fanicamente por personal municipal autorizado y capacitado, con licencia vigente.<\/p>\n\n\n\n<p>La funcionaria remarc\u00f3 la importancia de esta regulaci\u00f3n en un contexto de restricciones presupuestarias debido a recortes nacionales que afectan la coparticipaci\u00f3n provincial y, por ende, los recursos municipales. \u201cCuidar estos recursos es fundamental para garantizar el servicio p\u00fablico y evitar gastos innecesarios\u201d, explic\u00f3.<\/p>\n\n\n\n<p>Finalmente, Avetta aclar\u00f3 que la flota deber\u00e1 permanecer en dependencias municipales al finalizar la jornada laboral, salvo excepciones justificadas y autorizadas para situaciones de emergencia, como alerta meteorol\u00f3gica, donde se debe garantizar la r\u00e1pida respuesta a los vecinos.<\/p>\n\n\n\n<p>Desde la Municipalidad aseguraron que la ordenanza fue aprobada con el respaldo de todos los bloques del Concejo Deliberante y que se busca adem\u00e1s fomentar una cultura de responsabilidad y respeto hacia el patrimonio p\u00fablico entre los trabajadores municipales.<\/p>\n\n\n\n<p><strong>10\/06\/25 &#8211; Ordenanza para control de veh\u00edculos: puntos destacados<\/strong><\/p>\n\n\n\n<p>Algunos puntos clave que se destacan de la ordenanza para regular el uso de los veh\u00edculos municipales<\/p>\n\n\n\n<p>\u2022 Regulaci\u00f3n clara y sistematizaci\u00f3n: Se establecen reglas internas que buscan ordenar el uso y administraci\u00f3n de los veh\u00edculos, con registros precisos de mantenimiento, consumos y recorridos.<\/p>\n\n\n\n<p>\u2022 Tecnolog\u00eda aplicada: La incorporaci\u00f3n de GPS y sistemas de control de combustible con c\u00f3digos QR permite monitorear en tiempo real y tener datos exactos para evaluar costos y eficiencia.<\/p>\n\n\n\n<p>\u2022 Responsabilidad individual y de \u00e1rea: Cada veh\u00edculo debe ser manejado por personal municipal autorizado, con responsables claros (jefes de \u00e1rea), y la flota debe guardarse en dependencias salvo excepciones justificadas.<\/p>\n\n\n\n<p>\u2022 Capacitaci\u00f3n y control: Los conductores deben estar capacitados y tener licencias vigentes, adem\u00e1s se exige el mantenimiento regular.<\/p>\n\n\n\n<p>\u2022 Ahorro y eficiencia: El ejemplo de la reducci\u00f3n en el consumo de combustible en dos camiones es una muestra concreta del impacto positivo de esta gesti\u00f3n.<\/p>\n\n\n\n<p>\u2022 Transparencia y accesibilidad: Los veh\u00edculos deben estar identificados para que los vecinos puedan reportar<\/p>\n\n\n\n<hr class=\"wp-block-separator has-alpha-channel-opacity\"\/>\n\n\n\n<p><strong>Se debati\u00f3 en el Concejo Deliberante la calidad del agua en la ciudad<\/strong><\/p>\n\n\n\n<p>Durante la \u00faltima sesi\u00f3n del Honorable Concejo Deliberante, el bloque Juntos por el Cambio plante\u00f3 su preocupaci\u00f3n por el estado del agua potable en la ciudad, solicitando informaci\u00f3n sobre la ubicaci\u00f3n y el funcionamiento de las bombas dosificadoras de cloro.<\/p>\n\n\n\n<p>El concejal N\u00e9stor Iacci explic\u00f3 que el pedido surgi\u00f3 a partir de una conversaci\u00f3n con un vecino del barrio Pro Casa, quien asegur\u00f3 que en su domicilio el agua sal\u00eda turbia. Seg\u00fan el relato, se trata de un jubilado que trabaj\u00f3 durante muchos a\u00f1os en Obras Sanitarias y expres\u00f3 su preocupaci\u00f3n por posibles falencias en la cloraci\u00f3n del agua. Iacci tambi\u00e9n mencion\u00f3 casos de personas que, sin enfermedades relacionadas con el agua, habr\u00edan sufrido descompensaciones atribuidas a una bacteria posiblemente presente en el suministro.<\/p>\n\n\n\n<p>\u201cEl objetivo no es alarmar, pero s\u00ed asegurarnos de que se est\u00e9n haciendo las cosas como corresponde para evitar posibles problemas sanitarios en el futuro\u201d, dijo Iacci al fundamentar su pedido de informe.<\/p>\n\n\n\n<p>Desde el oficialismo, el concejal Gonzalo Giuli respondi\u00f3 que no se ha recibido ninguna denuncia formal en los organismos correspondientes, aunque remarc\u00f3 que el pedido ser\u00e1 acompa\u00f1ado por el bloque. \u201cVamos a remitirlo al Departamento Ejecutivo y solicitar una pronta respuesta. Las tres bombas dosificadoras est\u00e1n funcionando y se informar\u00e1 su ubicaci\u00f3n\u201d, indic\u00f3.<\/p>\n\n\n\n<p>Giuli record\u00f3 que los vecinos pueden acercarse ante cualquier duda a la Direcci\u00f3n de Bromatolog\u00eda (calle 23 y 42), que funciona junto a la Direcci\u00f3n de Medio Ambiente, donde se siguen los protocolos establecidos, incluyendo an\u00e1lisis de agua cuando corresponda.<\/p>\n\n\n\n<p>El concejal Gonzalo Villalonga (Frente de Todos) subray\u00f3 que \u201csi hay una sospecha, se debe tomar una muestra de agua y hacer el an\u00e1lisis correspondiente en un laboratorio. Esa es la \u00fanica manera de confirmar o descartar una posible contaminaci\u00f3n\u201d.<\/p>\n\n\n\n<p>El debate se tens\u00f3 hacia el final, cuando Villalonga consider\u00f3 que Iacci deber\u00eda haber elevado la inquietud directamente al \u00e1rea correspondiente. \u201cNo podemos quedarnos en supuestos. Si hay pruebas o sospechas concretas, se debe actuar formalmente\u201d, remarc\u00f3.<\/p>\n\n\n\n<p>Iacci cerr\u00f3 la discusi\u00f3n aclarando que, si bien no hubo una denuncia formal, los concejales tambi\u00e9n representan a los vecinos. \u201cNo tenemos el mismo peso que una orden directa del intendente o un secretario. Por eso pedimos que se canalice institucionalmente\u201d, concluy\u00f3.<\/p>\n","protected":false},"excerpt":{"rendered":"<p>La Municipalidad de Col\u00f3n promulg\u00f3 una ordenanza destinada a regular y controlar de manera estricta el uso de los veh\u00edculos y maquinarias viales que componen la flota municipal. La medida apunta a&#8230;<\/p>\n","protected":false},"author":1,"featured_media":4313,"comment_status":"open","ping_status":"open","sticky":false,"template":"","format":"standard","meta":{"footnotes":""},"categories":[3],"tags":[],"class_list":["post-7122","post","type-post","status-publish","format-standard","has-post-thumbnail","hentry","category-general"],"_links":{"self":[{"href":"https:\/\/emisoracolon.com.ar\/index.php\/wp-json\/wp\/v2\/posts\/7122","targetHints":{"allow":["GET"]}}],"collection":[{"href":"https:\/\/emisoracolon.com.ar\/index.php\/wp-json\/wp\/v2\/posts"}],"about":[{"href":"https:\/\/emisoracolon.com.ar\/index.php\/wp-json\/wp\/v2\/types\/post"}],"author":[{"embeddable":true,"href":"https:\/\/emisoracolon.com.ar\/index.php\/wp-json\/wp\/v2\/users\/1"}],"replies":[{"embeddable":true,"href":"https:\/\/emisoracolon.com.ar\/index.php\/wp-json\/wp\/v2\/comments?post=7122"}],"version-history":[{"count":1,"href":"https:\/\/emisoracolon.com.ar\/index.php\/wp-json\/wp\/v2\/posts\/7122\/revisions"}],"predecessor-version":[{"id":7123,"href":"https:\/\/emisoracolon.com.ar\/index.php\/wp-json\/wp\/v2\/posts\/7122\/revisions\/7123"}],"wp:featuredmedia":[{"embeddable":true,"href":"https:\/\/emisoracolon.com.ar\/index.php\/wp-json\/wp\/v2\/media\/4313"}],"wp:attachment":[{"href":"https:\/\/emisoracolon.com.ar\/index.php\/wp-json\/wp\/v2\/media?parent=7122"}],"wp:term":[{"taxonomy":"category","embeddable":true,"href":"https:\/\/emisoracolon.com.ar\/index.php\/wp-json\/wp\/v2\/categories?post=7122"},{"taxonomy":"post_tag","embeddable":true,"href":"https:\/\/emisoracolon.com.ar\/index.php\/wp-json\/wp\/v2\/tags?post=7122"}],"curies":[{"name":"wp","href":"https:\/\/api.w.org\/{rel}","templated":true}]}}