{"id":7120,"date":"2025-06-10T18:10:22","date_gmt":"2025-06-10T21:10:22","guid":{"rendered":"https:\/\/emisoracolon.com.ar\/?p=7120"},"modified":"2025-06-10T18:10:22","modified_gmt":"2025-06-10T21:10:22","slug":"dia-de-la-bandera-3","status":"publish","type":"post","link":"https:\/\/emisoracolon.com.ar\/index.php\/2025\/06\/10\/dia-de-la-bandera-3\/","title":{"rendered":"D\u00eda de la Bandera"},"content":{"rendered":"\n<p>El pr\u00f3ximo lunes 23 de junio la comunidad educativa de Col\u00f3n conmemorar\u00e1 el D\u00eda de la Bandera.<\/p>\n\n\n\n<p>Se trata de una fecha patria que tiene un significado especial porque se realiza la ceremonia a la Bandera por parte de los alumnos de cuarto a\u00f1o de la educaci\u00f3n primaria.<\/p>\n\n\n\n<p>Se llevar\u00e1 a cabo a las 13:30 en la Villa Deportiva, con la organizaci\u00f3n de Jefatura Distrital Col\u00f3n, la Jefatura de Regi\u00f3n 13 y la Direcci\u00f3n General de Cultura y Educaci\u00f3n de la Provincia de Buenos Aires.<\/p>\n","protected":false},"excerpt":{"rendered":"<p>El pr\u00f3ximo lunes 23 de junio la comunidad educativa de Col\u00f3n conmemorar\u00e1 el D\u00eda de la Bandera. Se trata de una fecha patria que tiene un significado especial porque se realiza la&#8230;<\/p>\n","protected":false},"author":1,"featured_media":2068,"comment_status":"open","ping_status":"open","sticky":false,"template":"","format":"standard","meta":{"footnotes":""},"categories":[3],"tags":[],"class_list":["post-7120","post","type-post","status-publish","format-standard","has-post-thumbnail","hentry","category-general"],"_links":{"self":[{"href":"https:\/\/emisoracolon.com.ar\/index.php\/wp-json\/wp\/v2\/posts\/7120","targetHints":{"allow":["GET"]}}],"collection":[{"href":"https:\/\/emisoracolon.com.ar\/index.php\/wp-json\/wp\/v2\/posts"}],"about":[{"href":"https:\/\/emisoracolon.com.ar\/index.php\/wp-json\/wp\/v2\/types\/post"}],"author":[{"embeddable":true,"href":"https:\/\/emisoracolon.com.ar\/index.php\/wp-json\/wp\/v2\/users\/1"}],"replies":[{"embeddable":true,"href":"https:\/\/emisoracolon.com.ar\/index.php\/wp-json\/wp\/v2\/comments?post=7120"}],"version-history":[{"count":1,"href":"https:\/\/emisoracolon.com.ar\/index.php\/wp-json\/wp\/v2\/posts\/7120\/revisions"}],"predecessor-version":[{"id":7121,"href":"https:\/\/emisoracolon.com.ar\/index.php\/wp-json\/wp\/v2\/posts\/7120\/revisions\/7121"}],"wp:featuredmedia":[{"embeddable":true,"href":"https:\/\/emisoracolon.com.ar\/index.php\/wp-json\/wp\/v2\/media\/2068"}],"wp:attachment":[{"href":"https:\/\/emisoracolon.com.ar\/index.php\/wp-json\/wp\/v2\/media?parent=7120"}],"wp:term":[{"taxonomy":"category","embeddable":true,"href":"https:\/\/emisoracolon.com.ar\/index.php\/wp-json\/wp\/v2\/categories?post=7120"},{"taxonomy":"post_tag","embeddable":true,"href":"https:\/\/emisoracolon.com.ar\/index.php\/wp-json\/wp\/v2\/tags?post=7120"}],"curies":[{"name":"wp","href":"https:\/\/api.w.org\/{rel}","templated":true}]}}