{"id":7117,"date":"2025-06-10T18:09:33","date_gmt":"2025-06-10T21:09:33","guid":{"rendered":"https:\/\/emisoracolon.com.ar\/?p=7117"},"modified":"2025-06-10T18:09:33","modified_gmt":"2025-06-10T21:09:33","slug":"asamblea-local-del-programa-decision-ninez-2025","status":"publish","type":"post","link":"https:\/\/emisoracolon.com.ar\/index.php\/2025\/06\/10\/asamblea-local-del-programa-decision-ninez-2025\/","title":{"rendered":"Asamblea local del Programa Decisi\u00f3n Ni\u00f1ez 2025"},"content":{"rendered":"\n<p>Hoy se llev\u00f3 a cabo, en el Polo Cultural, la asamblea local del programa \u201cDecisi\u00f3n Ni\u00f1ez 2025\u201d, que consisti\u00f3 en la presentaci\u00f3n de las diversas propuestas a la comunidad presente.<\/p>\n\n\n\n<p>Este a\u00f1o, la presentaci\u00f3n de los proyectos se destac\u00f3 por su formato en stands, donde cada iniciativa tuvo un espacio asignado para exponer sus detalles y compartir informaci\u00f3n con quienes recorrieron la muestra. Posteriormente, se realizaron las asambleas de participantes y referentes, instancias clave para la definici\u00f3n de las siguientes etapas del programa.<\/p>\n\n\n\n<p>Entre los proyectos presentados se encontraron:<\/p>\n\n\n\n<p>\u201cOperaci\u00f3n huerta parte 2\u201d (EP6)<\/p>\n\n\n\n<p>\u201cSol y Sabor, Deshidratando FUTURO\u201d (EP2)<\/p>\n\n\n\n<p>\u201cArreglo de la cancha de b\u00e1squet del barrio\u201d (ES2)<\/p>\n\n\n\n<p>\u201cTecho del bicicletero\u201d (ES2)<\/p>\n\n\n\n<p>\u201cUn Club para todos\u201d (ES4)<\/p>\n\n\n\n<p>\u201cRenovando Sonrisas: El Espacio que Nos Une\u201d (Programa Municipal Sonriendo)<\/p>\n\n\n\n<p>\u201cCultivando sin tierra\u201d (ES5)<\/p>\n\n\n\n<p>La asamblea fue un espacio importante para visibilizar el trabajo de los ni\u00f1os y j\u00f3venes en el marco del programa y avanzar en la planificaci\u00f3n de futuras acciones.<\/p>\n","protected":false},"excerpt":{"rendered":"<p>Hoy se llev\u00f3 a cabo, en el Polo Cultural, la asamblea local del programa \u201cDecisi\u00f3n Ni\u00f1ez 2025\u201d, que consisti\u00f3 en la presentaci\u00f3n de las diversas propuestas a la comunidad presente. Este a\u00f1o,&#8230;<\/p>\n","protected":false},"author":1,"featured_media":7118,"comment_status":"open","ping_status":"open","sticky":false,"template":"","format":"standard","meta":{"footnotes":""},"categories":[7,3],"tags":[],"class_list":["post-7117","post","type-post","status-publish","format-standard","has-post-thumbnail","hentry","category-cultura","category-general"],"_links":{"self":[{"href":"https:\/\/emisoracolon.com.ar\/index.php\/wp-json\/wp\/v2\/posts\/7117","targetHints":{"allow":["GET"]}}],"collection":[{"href":"https:\/\/emisoracolon.com.ar\/index.php\/wp-json\/wp\/v2\/posts"}],"about":[{"href":"https:\/\/emisoracolon.com.ar\/index.php\/wp-json\/wp\/v2\/types\/post"}],"author":[{"embeddable":true,"href":"https:\/\/emisoracolon.com.ar\/index.php\/wp-json\/wp\/v2\/users\/1"}],"replies":[{"embeddable":true,"href":"https:\/\/emisoracolon.com.ar\/index.php\/wp-json\/wp\/v2\/comments?post=7117"}],"version-history":[{"count":1,"href":"https:\/\/emisoracolon.com.ar\/index.php\/wp-json\/wp\/v2\/posts\/7117\/revisions"}],"predecessor-version":[{"id":7119,"href":"https:\/\/emisoracolon.com.ar\/index.php\/wp-json\/wp\/v2\/posts\/7117\/revisions\/7119"}],"wp:featuredmedia":[{"embeddable":true,"href":"https:\/\/emisoracolon.com.ar\/index.php\/wp-json\/wp\/v2\/media\/7118"}],"wp:attachment":[{"href":"https:\/\/emisoracolon.com.ar\/index.php\/wp-json\/wp\/v2\/media?parent=7117"}],"wp:term":[{"taxonomy":"category","embeddable":true,"href":"https:\/\/emisoracolon.com.ar\/index.php\/wp-json\/wp\/v2\/categories?post=7117"},{"taxonomy":"post_tag","embeddable":true,"href":"https:\/\/emisoracolon.com.ar\/index.php\/wp-json\/wp\/v2\/tags?post=7117"}],"curies":[{"name":"wp","href":"https:\/\/api.w.org\/{rel}","templated":true}]}}